{"id":71037,"date":"2024-01-10T22:51:03","date_gmt":"2024-01-11T01:51:03","guid":{"rendered":"https:\/\/www.todoeldia.com\/?p=71037"},"modified":"2024-01-10T22:51:03","modified_gmt":"2024-01-11T01:51:03","slug":"guillermo-francos-le-contesto-a-nicolas-del-cano-si-representases-a-14-millones-de-trabajadores-serias-presidente","status":"publish","type":"post","link":"https:\/\/www.todoeldia.com\/index.php\/2024\/01\/10\/guillermo-francos-le-contesto-a-nicolas-del-cano-si-representases-a-14-millones-de-trabajadores-serias-presidente\/","title":{"rendered":"Guillermo Francos le contest\u00f3 a Nicol\u00e1s del Ca\u00f1o: \u201cSi representases a 14 millones de trabajadores ser\u00edas presidente\u201d"},"content":{"rendered":"\n<p>El diputado del Frente de Izquierda hab\u00eda cuestionado el proyecto de Ley \u00d3mnibus que envi\u00f3 Javier Milei al Congreso. \u201cNo creo que usted sea representante de la clase trabajadora\u201d, le advirti\u00f3 e El ministro del Interior, Guillermo Francos, asisti\u00f3 este mi\u00e9rcoles al segundo d\u00eda de debate en plenario de comisiones del proyecto de Ley \u00d3mnibus que envi\u00f3 Javier Milei al Congreso. All\u00ed el funcionario respondi\u00f3 preguntas de los legisladores y, en ese contexto, apunt\u00f3 contra uno de los representantes del Frente de Izquierda por su discurso durante el tratamiento. \u201cUsted no tiene 14 millones de votos, el d\u00eda que los tenga ser\u00e1 presidente\u201d, le dijo a Nicol\u00e1s del Ca\u00f1o.l ministro del Interior.<\/p>\n","protected":false},"excerpt":{"rendered":"<p>El diputado del Frente de Izquierda hab\u00eda cuestionado el proyecto de Ley \u00d3mnibus que envi\u00f3 Javier Milei al Congreso. \u201cNo creo que usted sea representante de la clase trabajadora\u201d, le advirti\u00f3 e El ministro del Interior, Guillermo Francos, asisti\u00f3 este mi\u00e9rcoles al segundo d\u00eda de debate en plenario de comisiones del proyecto de Ley \u00d3mnibus [&hellip;]<\/p>\n","protected":false},"author":2,"featured_media":68938,"comment_status":"open","ping_status":"open","sticky":false,"template":"","format":"standard","meta":{"tdm_status":"","tdm_grid_status":"","_joinchat":[],"footnotes":""},"categories":[59],"tags":[],"class_list":{"0":"post-71037","1":"post","2":"type-post","3":"status-publish","4":"format-standard","5":"has-post-thumbnail","7":"category-politica"},"amp_enabled":true,"_links":{"self":[{"href":"https:\/\/www.todoeldia.com\/index.php\/wp-json\/wp\/v2\/posts\/71037","targetHints":{"allow":["GET"]}}],"collection":[{"href":"https:\/\/www.todoeldia.com\/index.php\/wp-json\/wp\/v2\/posts"}],"about":[{"href":"https:\/\/www.todoeldia.com\/index.php\/wp-json\/wp\/v2\/types\/post"}],"author":[{"embeddable":true,"href":"https:\/\/www.todoeldia.com\/index.php\/wp-json\/wp\/v2\/users\/2"}],"replies":[{"embeddable":true,"href":"https:\/\/www.todoeldia.com\/index.php\/wp-json\/wp\/v2\/comments?post=71037"}],"version-history":[{"count":1,"href":"https:\/\/www.todoeldia.com\/index.php\/wp-json\/wp\/v2\/posts\/71037\/revisions"}],"predecessor-version":[{"id":71038,"href":"https:\/\/www.todoeldia.com\/index.php\/wp-json\/wp\/v2\/posts\/71037\/revisions\/71038"}],"wp:featuredmedia":[{"embeddable":true,"href":"https:\/\/www.todoeldia.com\/index.php\/wp-json\/wp\/v2\/media\/68938"}],"wp:attachment":[{"href":"https:\/\/www.todoeldia.com\/index.php\/wp-json\/wp\/v2\/media?parent=71037"}],"wp:term":[{"taxonomy":"category","embeddable":true,"href":"https:\/\/www.todoeldia.com\/index.php\/wp-json\/wp\/v2\/categories?post=71037"},{"taxonomy":"post_tag","embeddable":true,"href":"https:\/\/www.todoeldia.com\/index.php\/wp-json\/wp\/v2\/tags?post=71037"}],"curies":[{"name":"wp","href":"https:\/\/api.w.org\/{rel}","templated":true}]}}