{"id":71049,"date":"2024-01-11T09:52:16","date_gmt":"2024-01-11T12:52:16","guid":{"rendered":"https:\/\/www.todoeldia.com\/?p=71049"},"modified":"2024-01-11T09:52:16","modified_gmt":"2024-01-11T12:52:16","slug":"le-pedia-fotos-intimas-a-dos-hermanas-menores-de-edad-lo-detuvieron-en-el-parque-san-martin","status":"publish","type":"post","link":"https:\/\/www.todoeldia.com\/index.php\/2024\/01\/11\/le-pedia-fotos-intimas-a-dos-hermanas-menores-de-edad-lo-detuvieron-en-el-parque-san-martin\/","title":{"rendered":"Le ped\u00eda fotos intimas a dos hermanas menores de edad: lo detuvieron en el parque San Martin"},"content":{"rendered":"\n<p>Fue denunciado por el padre de las menores al tomar conocimiento de que hab\u00eda entablado contacto por redes sociales con las dos menores, solicit\u00e1ndole videos y fotograf\u00edas \u00edntimas bajo amenazas.<\/p>\n\n\n\n<p>La fiscal penal especializada en Ciberdelincuencia en feria, Sof\u00eda Cornejo, imput\u00f3 de forma provisional a un hombre de 28 a\u00f1os como autor del delito de grooming en perjuicio de dos hermanas menores de edad.<\/p>\n\n\n\n<p>La situaci\u00f3n fue puesta en conocimiento por el padre de las menores, quien relat\u00f3 que una de sus hijas, de 17 a\u00f1os, hab\u00eda contactado v\u00eda Facebook con un hombre y que, en oportunidad de tener problemas con su celular, us\u00f3 el de su hermana de 13 a\u00f1os. Esta situaci\u00f3n fue aprovechada por el hombre con el que se contactaba para intercambiar con ambas menores y solicitarles fotograf\u00edas y videos con contenido \u00edntimo, incluso usando amenazas.<\/p>\n\n\n\n<p>El acusado fue detenido en inmediaciones del parque San Mart\u00edn en la ciudad de Salta, donde hab\u00eda concertado una supuesta cita con una de las menores.<\/p>\n\n\n\n<p>Durante la audiencia de imputaci\u00f3n estuvo asistido por un defensor oficial y tras conocer la acusaci\u00f3n en su contra, se abstuvo de declarar y desde la Fiscal\u00eda se solicit\u00f3 que se mantenga detenido mientras se cumplen numerosas medidas dispuestas para esclarecer lo sucedido.<\/p>\n","protected":false},"excerpt":{"rendered":"<p>Fue denunciado por el padre de las menores al tomar conocimiento de que hab\u00eda entablado contacto por redes sociales con las dos menores, solicit\u00e1ndole videos y fotograf\u00edas \u00edntimas bajo amenazas. La fiscal penal especializada en Ciberdelincuencia en feria, Sof\u00eda Cornejo, imput\u00f3 de forma provisional a un hombre de 28 a\u00f1os como autor del delito de [&hellip;]<\/p>\n","protected":false},"author":2,"featured_media":71050,"comment_status":"open","ping_status":"open","sticky":false,"template":"","format":"standard","meta":{"tdm_status":"","tdm_grid_status":"","_joinchat":[],"footnotes":""},"categories":[63],"tags":[],"class_list":{"0":"post-71049","1":"post","2":"type-post","3":"status-publish","4":"format-standard","5":"has-post-thumbnail","7":"category-policiales"},"amp_enabled":true,"_links":{"self":[{"href":"https:\/\/www.todoeldia.com\/index.php\/wp-json\/wp\/v2\/posts\/71049","targetHints":{"allow":["GET"]}}],"collection":[{"href":"https:\/\/www.todoeldia.com\/index.php\/wp-json\/wp\/v2\/posts"}],"about":[{"href":"https:\/\/www.todoeldia.com\/index.php\/wp-json\/wp\/v2\/types\/post"}],"author":[{"embeddable":true,"href":"https:\/\/www.todoeldia.com\/index.php\/wp-json\/wp\/v2\/users\/2"}],"replies":[{"embeddable":true,"href":"https:\/\/www.todoeldia.com\/index.php\/wp-json\/wp\/v2\/comments?post=71049"}],"version-history":[{"count":1,"href":"https:\/\/www.todoeldia.com\/index.php\/wp-json\/wp\/v2\/posts\/71049\/revisions"}],"predecessor-version":[{"id":71051,"href":"https:\/\/www.todoeldia.com\/index.php\/wp-json\/wp\/v2\/posts\/71049\/revisions\/71051"}],"wp:featuredmedia":[{"embeddable":true,"href":"https:\/\/www.todoeldia.com\/index.php\/wp-json\/wp\/v2\/media\/71050"}],"wp:attachment":[{"href":"https:\/\/www.todoeldia.com\/index.php\/wp-json\/wp\/v2\/media?parent=71049"}],"wp:term":[{"taxonomy":"category","embeddable":true,"href":"https:\/\/www.todoeldia.com\/index.php\/wp-json\/wp\/v2\/categories?post=71049"},{"taxonomy":"post_tag","embeddable":true,"href":"https:\/\/www.todoeldia.com\/index.php\/wp-json\/wp\/v2\/tags?post=71049"}],"curies":[{"name":"wp","href":"https:\/\/api.w.org\/{rel}","templated":true}]}}