{"id":71052,"date":"2024-01-11T10:05:20","date_gmt":"2024-01-11T13:05:20","guid":{"rendered":"https:\/\/www.todoeldia.com\/?p=71052"},"modified":"2024-01-11T10:05:20","modified_gmt":"2024-01-11T13:05:20","slug":"un-policia-en-la-puerta-para-que-un-violento-no-se-escape-de-la-prision-domiciliaria","status":"publish","type":"post","link":"https:\/\/www.todoeldia.com\/index.php\/2024\/01\/11\/un-policia-en-la-puerta-para-que-un-violento-no-se-escape-de-la-prision-domiciliaria\/","title":{"rendered":"Un polic\u00eda en la puerta para que un violento no se escape de la prisi\u00f3n domiciliaria"},"content":{"rendered":"\n<p>El mal uso de los recursos policiales est\u00e1 demostrado desde hace mucho tiempo en Salta. Un juez dispone prisi\u00f3n domiciliaria a un delincuente y le pone custodia en la vivienda las 24 horas, cuando en realidad el efectivo tendr\u00eda que estar cumpliendo otras tareas trabajando en la calle en la prevenci\u00f3n de la delincuencia que sacude a Salta. Lo justo ser\u00eda mandarlo directamente a la c\u00e1rcel y no utilizar polic\u00edas de custodia en la casa de forajidos.<\/p>\n\n\n\n<p>Un acusado cumpl\u00eda arresto domiciliario en una vivienda de barrio San Calixto de la ciudad de Salta y tras proferir malos tratos al efectivo que cumpl\u00eda la consigna policial, sali\u00f3 corriendo y fue demorado en las inmediaciones.<\/p>\n\n\n\n<p>La Fiscal\u00eda Penal 3 inform\u00f3 la imputaci\u00f3n provisional de un hombre de 23 a\u00f1os como autor del delito de evasi\u00f3n.<\/p>\n\n\n\n<p>El hecho ocurri\u00f3 el pasado 7 de enero, cuando el acusado, quien se encuentra cumpliendo arresto domiciliario en una vivienda de barrio San Calixto, zona sur de la ciudad de Salta, por los delitos de lesiones leves, amenazas con arma y violaci\u00f3n de domicilio en concurso real, sali\u00f3 a increpar al polic\u00eda que se encontraba de consigna y le dijo que \u201csi quer\u00eda, se iba\u201d.<\/p>\n\n\n\n<p>El acusado sali\u00f3 corriendo de la propiedad y fue seguido por el efectivo, quien le dio alcance en las inmediaciones y result\u00f3 lesionado en el intento de reducirlo.<\/p>\n\n\n\n<p>Tras su detenci\u00f3n e imputaci\u00f3n, desde la Fiscal\u00eda se solicit\u00f3 que permanezca detenido.<\/p>\n","protected":false},"excerpt":{"rendered":"<p>El mal uso de los recursos policiales est\u00e1 demostrado desde hace mucho tiempo en Salta. Un juez dispone prisi\u00f3n domiciliaria a un delincuente y le pone custodia en la vivienda las 24 horas, cuando en realidad el efectivo tendr\u00eda que estar cumpliendo otras tareas trabajando en la calle en la prevenci\u00f3n de la delincuencia que [&hellip;]<\/p>\n","protected":false},"author":2,"featured_media":60444,"comment_status":"open","ping_status":"open","sticky":false,"template":"","format":"standard","meta":{"tdm_status":"","tdm_grid_status":"","_joinchat":[],"footnotes":""},"categories":[63],"tags":[],"class_list":{"0":"post-71052","1":"post","2":"type-post","3":"status-publish","4":"format-standard","5":"has-post-thumbnail","7":"category-policiales"},"amp_enabled":true,"_links":{"self":[{"href":"https:\/\/www.todoeldia.com\/index.php\/wp-json\/wp\/v2\/posts\/71052","targetHints":{"allow":["GET"]}}],"collection":[{"href":"https:\/\/www.todoeldia.com\/index.php\/wp-json\/wp\/v2\/posts"}],"about":[{"href":"https:\/\/www.todoeldia.com\/index.php\/wp-json\/wp\/v2\/types\/post"}],"author":[{"embeddable":true,"href":"https:\/\/www.todoeldia.com\/index.php\/wp-json\/wp\/v2\/users\/2"}],"replies":[{"embeddable":true,"href":"https:\/\/www.todoeldia.com\/index.php\/wp-json\/wp\/v2\/comments?post=71052"}],"version-history":[{"count":1,"href":"https:\/\/www.todoeldia.com\/index.php\/wp-json\/wp\/v2\/posts\/71052\/revisions"}],"predecessor-version":[{"id":71053,"href":"https:\/\/www.todoeldia.com\/index.php\/wp-json\/wp\/v2\/posts\/71052\/revisions\/71053"}],"wp:featuredmedia":[{"embeddable":true,"href":"https:\/\/www.todoeldia.com\/index.php\/wp-json\/wp\/v2\/media\/60444"}],"wp:attachment":[{"href":"https:\/\/www.todoeldia.com\/index.php\/wp-json\/wp\/v2\/media?parent=71052"}],"wp:term":[{"taxonomy":"category","embeddable":true,"href":"https:\/\/www.todoeldia.com\/index.php\/wp-json\/wp\/v2\/categories?post=71052"},{"taxonomy":"post_tag","embeddable":true,"href":"https:\/\/www.todoeldia.com\/index.php\/wp-json\/wp\/v2\/tags?post=71052"}],"curies":[{"name":"wp","href":"https:\/\/api.w.org\/{rel}","templated":true}]}}