{"id":71116,"date":"2024-01-11T18:39:47","date_gmt":"2024-01-11T21:39:47","guid":{"rendered":"https:\/\/www.todoeldia.com\/?p=71116"},"modified":"2024-01-11T18:39:47","modified_gmt":"2024-01-11T21:39:47","slug":"una-mujer-murio-por-encefalitis-equina-y-ya-son-dos-las-victimas-desde-el-inicio-del-brote","status":"publish","type":"post","link":"https:\/\/www.todoeldia.com\/index.php\/2024\/01\/11\/una-mujer-murio-por-encefalitis-equina-y-ya-son-dos-las-victimas-desde-el-inicio-del-brote\/","title":{"rendered":"Una mujer muri\u00f3 por encefalitis equina y ya son dos las v\u00edctimas desde el inicio del brote"},"content":{"rendered":"\n<p>Se trata de una persona de 74 a\u00f1os que resid\u00eda en un \u00e1rea semi rural de la Provincia de Buenos Aires. Se confirmaron 21 casos en humanos desde el inicio del brote epid\u00e9mico<\/p>\n\n\n\n<p>Una mujer de 74 a\u00f1os muri\u00f3 en la provincia de Buenos Aires tras haber contra\u00eddo encefalitis equina del oeste, por lo que se convirti\u00f3 en la segunda v\u00edctima mortal de esta enfermedad desde que se declar\u00f3 el brote epid\u00e9mico en la Argentina hace dos meses.<\/p>\n\n\n\n<p>El pa\u00eds est\u00e1 enfrentando un brote de esta infecci\u00f3n causada por un virus que se transmite por un tipo de mosquitos.<\/p>\n\n\n\n<p>Se trata de una reemergencia de una infecci\u00f3n viral que hab\u00eda generado brotes en animales y humanos en el pasado. El pat\u00f3geno pertenece al g\u00e9nero de los alfavirus. El 28 de noviembre el Ministerio de Salud de la Naci\u00f3n hab\u00eda alertado a los centros de salud y a los hospitales para que puedan identificar a tiempo casos sospechosos en personas.<\/p>\n\n\n\n<p>La primera muerte se conoci\u00f3 el pasado 31 de diciembre. La v\u00edctima fue un hombre de 66 a\u00f1os que se desempe\u00f1aba realizando tareas rurales en la provincia de Santa Fe.<\/p>\n","protected":false},"excerpt":{"rendered":"<p>Se trata de una persona de 74 a\u00f1os que resid\u00eda en un \u00e1rea semi rural de la Provincia de Buenos Aires. Se confirmaron 21 casos en humanos desde el inicio del brote epid\u00e9mico Una mujer de 74 a\u00f1os muri\u00f3 en la provincia de Buenos Aires tras haber contra\u00eddo encefalitis equina del oeste, por lo que [&hellip;]<\/p>\n","protected":false},"author":2,"featured_media":71117,"comment_status":"open","ping_status":"open","sticky":false,"template":"","format":"standard","meta":{"tdm_status":"","tdm_grid_status":"","_joinchat":[],"footnotes":""},"categories":[73],"tags":[],"class_list":{"0":"post-71116","1":"post","2":"type-post","3":"status-publish","4":"format-standard","5":"has-post-thumbnail","7":"category-noticias-general"},"amp_enabled":true,"_links":{"self":[{"href":"https:\/\/www.todoeldia.com\/index.php\/wp-json\/wp\/v2\/posts\/71116","targetHints":{"allow":["GET"]}}],"collection":[{"href":"https:\/\/www.todoeldia.com\/index.php\/wp-json\/wp\/v2\/posts"}],"about":[{"href":"https:\/\/www.todoeldia.com\/index.php\/wp-json\/wp\/v2\/types\/post"}],"author":[{"embeddable":true,"href":"https:\/\/www.todoeldia.com\/index.php\/wp-json\/wp\/v2\/users\/2"}],"replies":[{"embeddable":true,"href":"https:\/\/www.todoeldia.com\/index.php\/wp-json\/wp\/v2\/comments?post=71116"}],"version-history":[{"count":1,"href":"https:\/\/www.todoeldia.com\/index.php\/wp-json\/wp\/v2\/posts\/71116\/revisions"}],"predecessor-version":[{"id":71118,"href":"https:\/\/www.todoeldia.com\/index.php\/wp-json\/wp\/v2\/posts\/71116\/revisions\/71118"}],"wp:featuredmedia":[{"embeddable":true,"href":"https:\/\/www.todoeldia.com\/index.php\/wp-json\/wp\/v2\/media\/71117"}],"wp:attachment":[{"href":"https:\/\/www.todoeldia.com\/index.php\/wp-json\/wp\/v2\/media?parent=71116"}],"wp:term":[{"taxonomy":"category","embeddable":true,"href":"https:\/\/www.todoeldia.com\/index.php\/wp-json\/wp\/v2\/categories?post=71116"},{"taxonomy":"post_tag","embeddable":true,"href":"https:\/\/www.todoeldia.com\/index.php\/wp-json\/wp\/v2\/tags?post=71116"}],"curies":[{"name":"wp","href":"https:\/\/api.w.org\/{rel}","templated":true}]}}