{"id":71129,"date":"2024-01-12T10:41:24","date_gmt":"2024-01-12T13:41:24","guid":{"rendered":"https:\/\/www.todoeldia.com\/?p=71129"},"modified":"2024-01-12T10:41:24","modified_gmt":"2024-01-12T13:41:24","slug":"sorpresa-en-boca-cavani-no-jugara-en-salta-contra-gimnasia-y-tiro","status":"publish","type":"post","link":"https:\/\/www.todoeldia.com\/index.php\/2024\/01\/12\/sorpresa-en-boca-cavani-no-jugara-en-salta-contra-gimnasia-y-tiro\/","title":{"rendered":"Sorpresa en Boca: Cavani no jugar\u00e1 en Salta contra Gimnasia y Tiro"},"content":{"rendered":"\n<p>Ser\u00e1 el debut, aunque no oficial, para el entrenador en el Xeneize.<\/p>\n\n\n\n<p>El entrenador de Boca, Diego Mart\u00ednez, no convoc\u00f3 al delantero uruguayo Edinson Cavani para el partido amistoso que disputar\u00e1 su equipo este s\u00e1bado ante Gimnasia y Tiro de Salta, que ser\u00e1 el primer encuentro para el t\u00e9cnico en el banco de suplentes del &#8220;Xeneize&#8221;.<\/p>\n\n\n\n<p>Si bien Cavani ya se encuentra recuperado de la lesi\u00f3n que sufri\u00f3 en el cierre de la temporada anterior, la decisi\u00f3n de Mart\u00ednez durante los \u00faltimos d\u00edas fue no exigirlo en las pr\u00e1cticas y dejarlo fuera de la n\u00f3mina para el duelo que se disputar\u00e1 ma\u00f1ana en el estadio Padre Martearena de Salta desde las 21.<\/p>\n\n\n\n<p>El lugar en la delantera lo ocupar\u00e1 Dar\u00edo Benedetto, mientras que el resto de la lista no tuvo grandes sorpresas aunque incluy\u00f3 al por ahora \u00fanico refuerzo de Boca, el marcador central Cristian Lema.<\/p>\n\n\n\n<p>De esta manera, el posible once lo conformar\u00edan Sergio Romero; Luis Adv\u00edncula, Nicol\u00e1s Figal, Marcos Rojo, Frank Fabra; Jabes Saralegui, Jorman Campuzano y Pol Fern\u00e1ndez; Lucas Janson; Miguel Merentiel y Dar\u00edo Benedetto.<\/p>\n\n\n\n<p>El equipo titular se enfrent\u00f3 esta semana con una alineaci\u00f3n suplente, en la que s\u00ed estuvo Cavani en el ensayo de este jueves.<\/p>\n\n\n\n<p>Esa formaci\u00f3n la integraron Garc\u00eda; Lucas Blondel, Cristian Lema, Aaron Anselmino, Marcelo Saracchi; Ezequiel Bullaude, Mauricio Ben\u00edtez, Juan Ram\u00edrez; Vicente Taborda; Luca Langoni y Edinson Cavani.<\/p>\n","protected":false},"excerpt":{"rendered":"<p>Ser\u00e1 el debut, aunque no oficial, para el entrenador en el Xeneize. El entrenador de Boca, Diego Mart\u00ednez, no convoc\u00f3 al delantero uruguayo Edinson Cavani para el partido amistoso que disputar\u00e1 su equipo este s\u00e1bado ante Gimnasia y Tiro de Salta, que ser\u00e1 el primer encuentro para el t\u00e9cnico en el banco de suplentes del [&hellip;]<\/p>\n","protected":false},"author":2,"featured_media":71130,"comment_status":"open","ping_status":"open","sticky":false,"template":"","format":"standard","meta":{"tdm_status":"","tdm_grid_status":"","_joinchat":[],"footnotes":""},"categories":[62],"tags":[],"class_list":{"0":"post-71129","1":"post","2":"type-post","3":"status-publish","4":"format-standard","5":"has-post-thumbnail","7":"category-deportes"},"amp_enabled":true,"_links":{"self":[{"href":"https:\/\/www.todoeldia.com\/index.php\/wp-json\/wp\/v2\/posts\/71129","targetHints":{"allow":["GET"]}}],"collection":[{"href":"https:\/\/www.todoeldia.com\/index.php\/wp-json\/wp\/v2\/posts"}],"about":[{"href":"https:\/\/www.todoeldia.com\/index.php\/wp-json\/wp\/v2\/types\/post"}],"author":[{"embeddable":true,"href":"https:\/\/www.todoeldia.com\/index.php\/wp-json\/wp\/v2\/users\/2"}],"replies":[{"embeddable":true,"href":"https:\/\/www.todoeldia.com\/index.php\/wp-json\/wp\/v2\/comments?post=71129"}],"version-history":[{"count":1,"href":"https:\/\/www.todoeldia.com\/index.php\/wp-json\/wp\/v2\/posts\/71129\/revisions"}],"predecessor-version":[{"id":71131,"href":"https:\/\/www.todoeldia.com\/index.php\/wp-json\/wp\/v2\/posts\/71129\/revisions\/71131"}],"wp:featuredmedia":[{"embeddable":true,"href":"https:\/\/www.todoeldia.com\/index.php\/wp-json\/wp\/v2\/media\/71130"}],"wp:attachment":[{"href":"https:\/\/www.todoeldia.com\/index.php\/wp-json\/wp\/v2\/media?parent=71129"}],"wp:term":[{"taxonomy":"category","embeddable":true,"href":"https:\/\/www.todoeldia.com\/index.php\/wp-json\/wp\/v2\/categories?post=71129"},{"taxonomy":"post_tag","embeddable":true,"href":"https:\/\/www.todoeldia.com\/index.php\/wp-json\/wp\/v2\/tags?post=71129"}],"curies":[{"name":"wp","href":"https:\/\/api.w.org\/{rel}","templated":true}]}}