{"id":71139,"date":"2024-01-12T11:15:57","date_gmt":"2024-01-12T14:15:57","guid":{"rendered":"https:\/\/www.todoeldia.com\/?p=71139"},"modified":"2024-01-12T11:15:58","modified_gmt":"2024-01-12T14:15:58","slug":"dakar-2024-los-benavides-superaron-la-dura-etapa-de-48-horas-y-volvieron-a-candidatearse","status":"publish","type":"post","link":"https:\/\/www.todoeldia.com\/index.php\/2024\/01\/12\/dakar-2024-los-benavides-superaron-la-dura-etapa-de-48-horas-y-volvieron-a-candidatearse\/","title":{"rendered":"Dakar 2024: los Benavides superaron la dura etapa de 48 horas y volvieron a candidatearse"},"content":{"rendered":"\n<p>La prueba m\u00e1s dura de la carrera fue liderada por el franc\u00e9s Adrien Van Beveren.<\/p>\n\n\n\n<p>Luciano Benavides, Jos\u00e9 Ignacio Cornejo, Kevin Benavides, Stefan Svitko y Jeanloup Lupin completaron los diez m\u00e1s veloces. Sin embargo, en lo que se refiere a la clasificaci\u00f3n general, es Ricky Brabec quien manda, con menos de un minuto de diferencia con el botsuano, y algo m\u00e1s de ocho sobre el chileno de Honda.<\/p>\n\n\n\n<p>Los salte\u00f1os est\u00e1n en el top 10 y ahora les toca el d\u00eda de descanso antes de la \u00faltima semana de competencia.<\/p>\n\n\n\n<p>Despu\u00e9s de una intensa jornada en la que los pilotos de motos completaron gran parte del recorrido en la Etapa 48 Horas, volvieron a sus monturas cuando sali\u00f3 el sol en el Empty Quarter para alcanzar al fin el campamento de Shubaytah, desde el que despu\u00e9s emprender\u00edan su viaje en avi\u00f3n hacia la capital del pa\u00eds para afrontar la jornada de descanso.<\/p>\n\n\n\n<p><\/p>\n\n\n\n<h2 class=\"wp-block-heading\">Clasificaci\u00f3n en motos en la Etapa 6B (48 Horas) del Rally Dakar 2024<\/h2>\n\n\n\n<p><em>Provisional<\/em><\/p>\n\n\n\n<figure class=\"wp-block-table\"><table><tbody><tr><td><strong>Pos.<\/strong><\/td><td><strong>Marca<\/strong><\/td><td><strong>Piloto<\/strong><\/td><td><strong>Equipo<\/strong><\/td><td><strong>Diferencia<\/strong><\/td><\/tr><tr><td>1<\/td><td><img decoding=\"async\" src=\"https:\/\/www.dakar.live.worldrallyraidchampionship.com\/img\/honda.png.b191f5a0.png\"><\/td><td>A. VAN BEVEREN(FRA)<\/td><td>GP#42 &#8211; MONSTER ENERGY HONDA TEAM<\/td><td>7:57:29&nbsp;(1<sup>e<\/sup>)<\/td><\/tr><tr><td>2<\/td><td><img decoding=\"async\" src=\"https:\/\/www.dakar.live.worldrallyraidchampionship.com\/img\/ktm.png.254b4eb2.png\"><\/td><td>T. PRICE(AUS)<\/td><td>GP#2 &#8211; RED BULL KTM FACTORY RACING<\/td><td>+4:13&nbsp;(2<sup>e<\/sup>)<\/td><\/tr><tr><td>3<\/td><td><img decoding=\"async\" src=\"https:\/\/www.dakar.live.worldrallyraidchampionship.com\/img\/honda.png.b191f5a0.png\"><\/td><td>R. BRABEC(USA)<\/td><td>GP#9 &#8211; MONSTER ENERGY HONDA TEAM<\/td><td>+5:02&nbsp;(3<sup>e<\/sup>)<\/td><\/tr><tr><td>4<\/td><td><img decoding=\"async\" src=\"https:\/\/www.dakar.live.worldrallyraidchampionship.com\/img\/gasgas.png.5f3d1cdb.png\"><\/td><td>D. SANDERS(AUS)<\/td><td>GP#5 &#8211; RED BULL GASGAS FACTORY RACING<\/td><td>+6:55&nbsp;(4<sup>e<\/sup>)<\/td><\/tr><tr><td>5<\/td><td><img decoding=\"async\" src=\"https:\/\/www.dakar.live.worldrallyraidchampionship.com\/img\/hero.png.df441485.png\"><\/td><td>R. BRANCH(BWA)<\/td><td>GP#46 &#8211; HERO MOTOSPORTS TEAM RALLY<\/td><td>+9:40&nbsp;(5<sup>e<\/sup>)<\/td><\/tr><tr><td>6<\/td><td><img decoding=\"async\" src=\"https:\/\/www.dakar.live.worldrallyraidchampionship.com\/img\/husqvarna.png.4d22bf36.png\"><\/td><td>L. BENAVIDES(ARG)<\/td><td>GP#1 &#8211; HUSQVARNA FACTORY RACING<\/td><td>+10:39&nbsp;(6<sup>e<\/sup>)<\/td><\/tr><tr><td>7<\/td><td><img decoding=\"async\" src=\"https:\/\/www.dakar.live.worldrallyraidchampionship.com\/img\/honda.png.b191f5a0.png\"><\/td><td>J. CORNEJO FLORIMO(CHL)<\/td><td>GP#11 &#8211; MONSTER ENERGY HONDA TEAM<\/td><td>+15:49&nbsp;(7<sup>e<\/sup>)<\/td><\/tr><tr><td>8<\/td><td><img decoding=\"async\" src=\"https:\/\/www.dakar.live.worldrallyraidchampionship.com\/img\/ktm.png.254b4eb2.png\"><\/td><td>K. BENAVIDES(ARG)<\/td><td>GP#47 &#8211; RED BULL KTM FACTORY RACING<\/td><td>+16:05&nbsp;(8<sup>e<\/sup>)<\/td><\/tr><tr><td>9<\/td><td><img decoding=\"async\" src=\"https:\/\/www.dakar.live.worldrallyraidchampionship.com\/img\/ktm.png.254b4eb2.png\"><\/td><td>S. SVITKO(SVK)<\/td><td>GP#142 &#8211; SLONAFT RALLY TEAM<\/td><td>+21:19&nbsp;(9<sup>e<\/sup>)<\/td><\/tr><tr><td>10<\/td><td><img decoding=\"async\" src=\"https:\/\/www.dakar.live.worldrallyraidchampionship.com\/img\/ktm.png.254b4eb2.png\"><\/td><td>J. LEPAN(FRA)<\/td><td>R2#76 &#8211; DUUST RALLY TEAM<\/td><td>+26:24&nbsp;(10<sup>e<\/sup>)<\/td><\/tr><\/tbody><\/table><\/figure>\n\n\n\n<p>Desde poco despu\u00e9s de las seis de la ma\u00f1ana en horario local, los participantes comenzaron con su camino, algunos, los m\u00e1s adelantados, desde la &#8216;zona de descanso&#8217; F, con Adrien van Beveren como el m\u00e1s r\u00e1pido tras m\u00e1s de seis horas y media de competici\u00f3n. El franc\u00e9s abr\u00eda pista con su Honda, seguido por su compa\u00f1ero, Ricky Brabec, junto con diez pilotos m\u00e1s, aunque poco despu\u00e9s de la salida, salt\u00f3 la sorpresa por el abandono de Joan Barreda en el kil\u00f3metro 529 por un problema mec\u00e1nico en su Hero.<\/p>\n\n\n\n<p>El espa\u00f1ol no pudo reemprender la marcha, por lo que sumaba su s\u00e9ptimo abandono a lo largo de sus catorce participaciones en la carrera m\u00e1s dura del planeta, pero eso no imped\u00eda al resto seguir surcando la arena del sur de Arabia Saud\u00ed. Mientras, el franc\u00e9s consegu\u00eda sacar m\u00e1s ventaja con respecto a sus competidores, sin mayores cambios en la clasificaci\u00f3n general que la baja del de Torreblanca, y llegando al campamento G tras m\u00e1s de siete horas en el manillar en las dos jornadas maratonianas en el desierto saud\u00ed.<\/p>\n\n\n\n<p>Y todo segu\u00eda as\u00ed en el \u00faltimo punto de referencia, el del kil\u00f3metro 587, en donde Adrien van Beveren aument\u00f3 el colch\u00f3n en comparaci\u00f3n con su compa\u00f1ero estadounidense, aunque con la salvedad de que ya no era \u00e9l el segundo en la etapa, sino que lo era Toby Price, puesto que con su KTM se puso a menos de tres minutos y medio. No obstante, en la clasificaci\u00f3n general de la categor\u00eda, continuaba al mando con un minuto y medio sobre Ross Branch, y cerca de ocho contra Jos\u00e9 Ignacio Cornejo.<\/p>\n\n\n\n<p>Quedaban muy pocos kil\u00f3metros para llegar a la meta, y todos apretaban para llegar a la meta en el campamento de Shubaytah, y nadie fue capaz de robarle el triunfo en la especial al galo de Honda, seguido, a m\u00e1s de cuatro minutos con Toby Price, y cinco sobre su compa\u00f1ero estadounidense. Por detr\u00e1s, Daniel Sanders se hizo con el cuarto lugar, mientras que Ross Branch recuper\u00f3 algo de terreno para ser quinto, aunque perdiendo casi diez minutos con respecto al l\u00edder.<\/p>\n","protected":false},"excerpt":{"rendered":"<p>La prueba m\u00e1s dura de la carrera fue liderada por el franc\u00e9s Adrien Van Beveren. Luciano Benavides, Jos\u00e9 Ignacio Cornejo, Kevin Benavides, Stefan Svitko y Jeanloup Lupin completaron los diez m\u00e1s veloces. Sin embargo, en lo que se refiere a la clasificaci\u00f3n general, es Ricky Brabec quien manda, con menos de un minuto de diferencia [&hellip;]<\/p>\n","protected":false},"author":2,"featured_media":71140,"comment_status":"open","ping_status":"open","sticky":false,"template":"","format":"standard","meta":{"tdm_status":"","tdm_grid_status":"","_joinchat":[],"footnotes":""},"categories":[62],"tags":[],"class_list":{"0":"post-71139","1":"post","2":"type-post","3":"status-publish","4":"format-standard","5":"has-post-thumbnail","7":"category-deportes"},"amp_enabled":true,"_links":{"self":[{"href":"https:\/\/www.todoeldia.com\/index.php\/wp-json\/wp\/v2\/posts\/71139","targetHints":{"allow":["GET"]}}],"collection":[{"href":"https:\/\/www.todoeldia.com\/index.php\/wp-json\/wp\/v2\/posts"}],"about":[{"href":"https:\/\/www.todoeldia.com\/index.php\/wp-json\/wp\/v2\/types\/post"}],"author":[{"embeddable":true,"href":"https:\/\/www.todoeldia.com\/index.php\/wp-json\/wp\/v2\/users\/2"}],"replies":[{"embeddable":true,"href":"https:\/\/www.todoeldia.com\/index.php\/wp-json\/wp\/v2\/comments?post=71139"}],"version-history":[{"count":1,"href":"https:\/\/www.todoeldia.com\/index.php\/wp-json\/wp\/v2\/posts\/71139\/revisions"}],"predecessor-version":[{"id":71141,"href":"https:\/\/www.todoeldia.com\/index.php\/wp-json\/wp\/v2\/posts\/71139\/revisions\/71141"}],"wp:featuredmedia":[{"embeddable":true,"href":"https:\/\/www.todoeldia.com\/index.php\/wp-json\/wp\/v2\/media\/71140"}],"wp:attachment":[{"href":"https:\/\/www.todoeldia.com\/index.php\/wp-json\/wp\/v2\/media?parent=71139"}],"wp:term":[{"taxonomy":"category","embeddable":true,"href":"https:\/\/www.todoeldia.com\/index.php\/wp-json\/wp\/v2\/categories?post=71139"},{"taxonomy":"post_tag","embeddable":true,"href":"https:\/\/www.todoeldia.com\/index.php\/wp-json\/wp\/v2\/tags?post=71139"}],"curies":[{"name":"wp","href":"https:\/\/api.w.org\/{rel}","templated":true}]}}