{"id":71172,"date":"2024-01-12T13:23:12","date_gmt":"2024-01-12T16:23:12","guid":{"rendered":"https:\/\/www.todoeldia.com\/?p=71172"},"modified":"2024-01-12T13:23:12","modified_gmt":"2024-01-12T16:23:12","slug":"javier-milei-sera-recibido-en-roma-por-el-papa-francisco-en-una-audiencia-privada","status":"publish","type":"post","link":"https:\/\/www.todoeldia.com\/index.php\/2024\/01\/12\/javier-milei-sera-recibido-en-roma-por-el-papa-francisco-en-una-audiencia-privada\/","title":{"rendered":"Javier Milei ser\u00e1 recibido en Roma por el Papa Francisco en una audiencia privada"},"content":{"rendered":"\n<p>El Vaticano invit\u00f3 al Presidente a la ceremonia de canonizaci\u00f3n de \u201cMam\u00e1 Antula\u201d, y en ese contexto se encontrar\u00e1n a solas para tratar de cerrar un cap\u00edtulo de mutuos cuestionamientos pol\u00edticos que sucedieron durante la campa\u00f1a electoral<\/p>\n\n\n\n<p>En un mutuo gesto de acercamiento pol\u00edtico y personal, Javier Milei ser\u00e1 recibido por el Papa Francisco en una audiencia privada que ocurrir\u00e1 en el marco de los actos de canonizaci\u00f3n de Mama Antula, que fue beata de la Compa\u00f1\u00eda de Jesus y evangeliz\u00f3 a los pueblos originarios de Santiago del Estero.<\/p>\n\n\n\n<p>La ceremonia oficial ser\u00e1 el 11 de febrero, en la Plaza de San Pedro.<\/p>\n\n\n\n<p>Milei y Francisco cruzaron fuertes opiniones durante la campa\u00f1a, pero la tensi\u00f3n empez\u00f3 bajar cuando el entonces candidato opositor pidi\u00f3 disculpas durante el debate presidencial con Sergio Massa.<\/p>\n","protected":false},"excerpt":{"rendered":"<p>El Vaticano invit\u00f3 al Presidente a la ceremonia de canonizaci\u00f3n de \u201cMam\u00e1 Antula\u201d, y en ese contexto se encontrar\u00e1n a solas para tratar de cerrar un cap\u00edtulo de mutuos cuestionamientos pol\u00edticos que sucedieron durante la campa\u00f1a electoral En un mutuo gesto de acercamiento pol\u00edtico y personal, Javier Milei ser\u00e1 recibido por el Papa Francisco en [&hellip;]<\/p>\n","protected":false},"author":2,"featured_media":71173,"comment_status":"open","ping_status":"open","sticky":false,"template":"","format":"standard","meta":{"tdm_status":"","tdm_grid_status":"","_joinchat":[],"footnotes":""},"categories":[59],"tags":[],"class_list":{"0":"post-71172","1":"post","2":"type-post","3":"status-publish","4":"format-standard","5":"has-post-thumbnail","7":"category-politica"},"amp_enabled":true,"_links":{"self":[{"href":"https:\/\/www.todoeldia.com\/index.php\/wp-json\/wp\/v2\/posts\/71172","targetHints":{"allow":["GET"]}}],"collection":[{"href":"https:\/\/www.todoeldia.com\/index.php\/wp-json\/wp\/v2\/posts"}],"about":[{"href":"https:\/\/www.todoeldia.com\/index.php\/wp-json\/wp\/v2\/types\/post"}],"author":[{"embeddable":true,"href":"https:\/\/www.todoeldia.com\/index.php\/wp-json\/wp\/v2\/users\/2"}],"replies":[{"embeddable":true,"href":"https:\/\/www.todoeldia.com\/index.php\/wp-json\/wp\/v2\/comments?post=71172"}],"version-history":[{"count":1,"href":"https:\/\/www.todoeldia.com\/index.php\/wp-json\/wp\/v2\/posts\/71172\/revisions"}],"predecessor-version":[{"id":71174,"href":"https:\/\/www.todoeldia.com\/index.php\/wp-json\/wp\/v2\/posts\/71172\/revisions\/71174"}],"wp:featuredmedia":[{"embeddable":true,"href":"https:\/\/www.todoeldia.com\/index.php\/wp-json\/wp\/v2\/media\/71173"}],"wp:attachment":[{"href":"https:\/\/www.todoeldia.com\/index.php\/wp-json\/wp\/v2\/media?parent=71172"}],"wp:term":[{"taxonomy":"category","embeddable":true,"href":"https:\/\/www.todoeldia.com\/index.php\/wp-json\/wp\/v2\/categories?post=71172"},{"taxonomy":"post_tag","embeddable":true,"href":"https:\/\/www.todoeldia.com\/index.php\/wp-json\/wp\/v2\/tags?post=71172"}],"curies":[{"name":"wp","href":"https:\/\/api.w.org\/{rel}","templated":true}]}}