{"id":71179,"date":"2024-01-12T14:13:34","date_gmt":"2024-01-12T17:13:34","guid":{"rendered":"https:\/\/www.todoeldia.com\/?p=71179"},"modified":"2024-01-12T14:13:34","modified_gmt":"2024-01-12T17:13:34","slug":"luego-de-las-denuncias-publicas-investigan-compras-irregulares-del-ex-intendente-pablo-gonzalez","status":"publish","type":"post","link":"https:\/\/www.todoeldia.com\/index.php\/2024\/01\/12\/luego-de-las-denuncias-publicas-investigan-compras-irregulares-del-ex-intendente-pablo-gonzalez\/","title":{"rendered":"Luego de las denuncias p\u00fablicas investigan compras irregulares del ex intendente Pablo Gonz\u00e1lez"},"content":{"rendered":"\n<p>A partir de la denuncia realizada a trav\u00e9s de medios de comunicaci\u00f3n de supuestas compras realizadas en una casa de electrodom\u00e9sticos y en un supermercado por parte de la gesti\u00f3n municipal anterior, la Fiscal\u00eda Penal 3 de Or\u00e1n, con competencia en Delitos Econ\u00f3micos Complejos inici\u00f3 actuaciones de oficio.<\/p>\n\n\n\n<p>La fiscal penal en feria, Mariana Torres, interina en la Fiscal\u00eda Penal 3 de Or\u00e1n con competencia en Delitos Econ\u00f3micos Complejos, inici\u00f3 actuaciones de oficio a partir de una noticia criminis, difundida en medios locales, donde se denuncia que la gesti\u00f3n municipal encabezada por Pablo Gonz\u00e1lez, habr\u00eda realizado compras en nombre del municipio en una casa de electrodom\u00e9sticos y en un supermercado.<\/p>\n\n\n\n<p>Entre los productos que se dan a conocer, se habr\u00edan adquirido un lavarropas con un valor superior a los dos millones de pesos, televisores led de m\u00e1s de 50 pulgadas, una moto Yahama FZ valuada en m\u00e1s de 3 millones de pesos sin un destino oficial para su uso y m\u00e1quinas de afeitar, chocolates, planchas para el cabello, perfumer\u00eda, entre otros.<\/p>\n\n\n\n<p>La fiscal Torres, habiendo tomado conocimiento de la situaci\u00f3n difundida en forma medi\u00e1tica, dispuso numerosas medidas tendientes a esclarecer lo sucedido, tales como recepci\u00f3n de testimoniales, relevamiento documental, pedido de informes y otros.<\/p>\n","protected":false},"excerpt":{"rendered":"<p>A partir de la denuncia realizada a trav\u00e9s de medios de comunicaci\u00f3n de supuestas compras realizadas en una casa de electrodom\u00e9sticos y en un supermercado por parte de la gesti\u00f3n municipal anterior, la Fiscal\u00eda Penal 3 de Or\u00e1n, con competencia en Delitos Econ\u00f3micos Complejos inici\u00f3 actuaciones de oficio. La fiscal penal en feria, Mariana Torres, [&hellip;]<\/p>\n","protected":false},"author":2,"featured_media":71180,"comment_status":"open","ping_status":"open","sticky":false,"template":"","format":"standard","meta":{"tdm_status":"","tdm_grid_status":"","_joinchat":[],"footnotes":""},"categories":[63],"tags":[],"class_list":{"0":"post-71179","1":"post","2":"type-post","3":"status-publish","4":"format-standard","5":"has-post-thumbnail","7":"category-policiales"},"amp_enabled":true,"_links":{"self":[{"href":"https:\/\/www.todoeldia.com\/index.php\/wp-json\/wp\/v2\/posts\/71179","targetHints":{"allow":["GET"]}}],"collection":[{"href":"https:\/\/www.todoeldia.com\/index.php\/wp-json\/wp\/v2\/posts"}],"about":[{"href":"https:\/\/www.todoeldia.com\/index.php\/wp-json\/wp\/v2\/types\/post"}],"author":[{"embeddable":true,"href":"https:\/\/www.todoeldia.com\/index.php\/wp-json\/wp\/v2\/users\/2"}],"replies":[{"embeddable":true,"href":"https:\/\/www.todoeldia.com\/index.php\/wp-json\/wp\/v2\/comments?post=71179"}],"version-history":[{"count":1,"href":"https:\/\/www.todoeldia.com\/index.php\/wp-json\/wp\/v2\/posts\/71179\/revisions"}],"predecessor-version":[{"id":71181,"href":"https:\/\/www.todoeldia.com\/index.php\/wp-json\/wp\/v2\/posts\/71179\/revisions\/71181"}],"wp:featuredmedia":[{"embeddable":true,"href":"https:\/\/www.todoeldia.com\/index.php\/wp-json\/wp\/v2\/media\/71180"}],"wp:attachment":[{"href":"https:\/\/www.todoeldia.com\/index.php\/wp-json\/wp\/v2\/media?parent=71179"}],"wp:term":[{"taxonomy":"category","embeddable":true,"href":"https:\/\/www.todoeldia.com\/index.php\/wp-json\/wp\/v2\/categories?post=71179"},{"taxonomy":"post_tag","embeddable":true,"href":"https:\/\/www.todoeldia.com\/index.php\/wp-json\/wp\/v2\/tags?post=71179"}],"curies":[{"name":"wp","href":"https:\/\/api.w.org\/{rel}","templated":true}]}}