{"id":71193,"date":"2024-01-12T17:26:06","date_gmt":"2024-01-12T20:26:06","guid":{"rendered":"https:\/\/www.todoeldia.com\/?p=71193"},"modified":"2024-01-12T17:26:06","modified_gmt":"2024-01-12T20:26:06","slug":"pol-ka-deja-de-producir-tras-30-anos-cierra-la-empresa-de-adrian-suar","status":"publish","type":"post","link":"https:\/\/www.todoeldia.com\/index.php\/2024\/01\/12\/pol-ka-deja-de-producir-tras-30-anos-cierra-la-empresa-de-adrian-suar\/","title":{"rendered":"Pol-ka deja de producir tras 30 a\u00f1os: \u00bfcierra la empresa de Adri\u00e1n Suar?"},"content":{"rendered":"\n<p>La productora no tiene proyectos confirmados para 2024 y 2025, por lo que surgi\u00f3 un fuerte rumor en las \u00faltimas horas.<\/p>\n\n\n\n<p>La productora Pol-ka no estar\u00e1 al frente de ning\u00fan proyecto durante 2024 o 2025 y comenz\u00f3 a circular un fuerte rumor en el que aseguran que la empresa de Adri\u00e1n Suar cerrar\u00e1 en los pr\u00f3ximos d\u00edas.<\/p>\n\n\n\n<p>Fundada por Adri\u00e1n Suar y Fernando Blanco, la empresa no confirm\u00f3 a T\u00e9lam el cese de actividades, aunque s\u00ed que no producir\u00e1n ninguna tira en 2024 o 2025. Esto deja a la mayor parte de sus 120 empleados sin nada para hacer, lo que provoc\u00f3 que se haga viral que Pol-ka cerrar\u00e1 tras 30 a\u00f1os.<\/p>\n\n\n\n<figure class=\"wp-block-image size-full is-resized\"><img loading=\"lazy\" decoding=\"async\" width=\"790\" height=\"444\" src=\"https:\/\/www.todoeldia.com\/wp-content\/uploads\/2024\/01\/image-61.png\" alt=\"\" class=\"wp-image-71195\" style=\"width:1035px;height:auto\" srcset=\"https:\/\/www.todoeldia.com\/wp-content\/uploads\/2024\/01\/image-61.png 790w, https:\/\/www.todoeldia.com\/wp-content\/uploads\/2024\/01\/image-61-300x169.png 300w, https:\/\/www.todoeldia.com\/wp-content\/uploads\/2024\/01\/image-61-768x432.png 768w, https:\/\/www.todoeldia.com\/wp-content\/uploads\/2024\/01\/image-61-696x391.png 696w, https:\/\/www.todoeldia.com\/wp-content\/uploads\/2024\/01\/image-61-747x420.png 747w\" sizes=\"auto, (max-width: 790px) 100vw, 790px\" \/><\/figure>\n\n\n\n<p><strong>Los estudios de Pol-ka de Don Torcuato ser\u00e1n el legado que dejar\u00e1 en la industria.<\/strong><\/p>\n\n\n\n<p>Esta productora llev\u00f3 a la pantalla t\u00edtulos de gigantesca repercusi\u00f3n como Poliladron, Verdad consecuencia, Gasoleros y Campeones de la vida, entre otros. Por eso, la empresa conservar\u00e1 sus estudios de Don Torcuato y los alquilar\u00e1, aunque actualmente se utilizan para grabar el programa Ahora caigo de eltrece.<\/p>\n\n\n\n<p>T\u00e9lam agreg\u00f3 que esta crisis es consecuencia de varios a\u00f1os de bajos ratings y una transformaci\u00f3n de la industria que vio el ingreso de las plataformas, donde nunca pudieron incursionar. Durante 2023, estuvo detr\u00e1s de la segunda temporada de Argentina, tierra de amor y venganza y del debut de Buenos chicos, dos tiras que tuvieron niveles de audiencia muy bajos.<\/p>\n\n\n\n<p>En la actualidad, m\u00e1s del 96% del paquete accionario pertenece al Grupo Clar\u00edn, el cual insisti\u00f3 con Pol-ka hasta el agotamiento total del p\u00fablico y a pesar de las dif\u00edciles condiciones econ\u00f3micas en Argentina para producir.<\/p>\n","protected":false},"excerpt":{"rendered":"<p>La productora no tiene proyectos confirmados para 2024 y 2025, por lo que surgi\u00f3 un fuerte rumor en las \u00faltimas horas. La productora Pol-ka no estar\u00e1 al frente de ning\u00fan proyecto durante 2024 o 2025 y comenz\u00f3 a circular un fuerte rumor en el que aseguran que la empresa de Adri\u00e1n Suar cerrar\u00e1 en los [&hellip;]<\/p>\n","protected":false},"author":2,"featured_media":71194,"comment_status":"open","ping_status":"open","sticky":false,"template":"","format":"standard","meta":{"tdm_status":"","tdm_grid_status":"","_joinchat":[],"footnotes":""},"categories":[120],"tags":[],"class_list":{"0":"post-71193","1":"post","2":"type-post","3":"status-publish","4":"format-standard","5":"has-post-thumbnail","7":"category-espectaculos-2"},"amp_enabled":true,"_links":{"self":[{"href":"https:\/\/www.todoeldia.com\/index.php\/wp-json\/wp\/v2\/posts\/71193","targetHints":{"allow":["GET"]}}],"collection":[{"href":"https:\/\/www.todoeldia.com\/index.php\/wp-json\/wp\/v2\/posts"}],"about":[{"href":"https:\/\/www.todoeldia.com\/index.php\/wp-json\/wp\/v2\/types\/post"}],"author":[{"embeddable":true,"href":"https:\/\/www.todoeldia.com\/index.php\/wp-json\/wp\/v2\/users\/2"}],"replies":[{"embeddable":true,"href":"https:\/\/www.todoeldia.com\/index.php\/wp-json\/wp\/v2\/comments?post=71193"}],"version-history":[{"count":1,"href":"https:\/\/www.todoeldia.com\/index.php\/wp-json\/wp\/v2\/posts\/71193\/revisions"}],"predecessor-version":[{"id":71196,"href":"https:\/\/www.todoeldia.com\/index.php\/wp-json\/wp\/v2\/posts\/71193\/revisions\/71196"}],"wp:featuredmedia":[{"embeddable":true,"href":"https:\/\/www.todoeldia.com\/index.php\/wp-json\/wp\/v2\/media\/71194"}],"wp:attachment":[{"href":"https:\/\/www.todoeldia.com\/index.php\/wp-json\/wp\/v2\/media?parent=71193"}],"wp:term":[{"taxonomy":"category","embeddable":true,"href":"https:\/\/www.todoeldia.com\/index.php\/wp-json\/wp\/v2\/categories?post=71193"},{"taxonomy":"post_tag","embeddable":true,"href":"https:\/\/www.todoeldia.com\/index.php\/wp-json\/wp\/v2\/tags?post=71193"}],"curies":[{"name":"wp","href":"https:\/\/api.w.org\/{rel}","templated":true}]}}