{"id":71200,"date":"2024-01-12T17:56:26","date_gmt":"2024-01-12T20:56:26","guid":{"rendered":"https:\/\/www.todoeldia.com\/?p=71200"},"modified":"2024-01-12T17:56:27","modified_gmt":"2024-01-12T20:56:27","slug":"el-gobierno-analiza-vender-el-avion-presidencial-que-compro-alberto-fernandez-por-us-25-millones","status":"publish","type":"post","link":"https:\/\/www.todoeldia.com\/index.php\/2024\/01\/12\/el-gobierno-analiza-vender-el-avion-presidencial-que-compro-alberto-fernandez-por-us-25-millones\/","title":{"rendered":"El Gobierno analiza vender el avi\u00f3n presidencial que compr\u00f3 Alberto Fern\u00e1ndez por U$S 25 millones"},"content":{"rendered":"\n<p>Fuentes oficiales explican que el Presidente no estar\u00eda de acuerdo con utilizarlo en caso de que haya opciones de traslado m\u00e1s econ\u00f3micas. Est\u00e1 en Aeroparque sin uso pero en los primeros meses del a\u00f1o demandar\u00e1 U$S 3 millones en mantenimiento.<\/p>\n\n\n\n<p>El Boeing 757-256, m\u00e1s conocido como ARG-01, pasa sus d\u00edas en Aeroparque sin demasiada actividad. Es el avi\u00f3n presidencial que la gesti\u00f3n de Alberto Fern\u00e1ndez compr\u00f3 a cambio de U$S 25 millones, pero que por ahora la gesti\u00f3n de Javier Milei no tiene intenciones de usar.<\/p>\n\n\n\n<p>Al foro internacional de Davos el mandatario ir\u00e1 en vuelo de l\u00ednea y a su posible visita a Roma del pr\u00f3ximo 11 de febrero con motivo de entrevistarse con el Papa Francisco tambi\u00e9n volver\u00eda a sacar tickets comerciales. \u201cPor el momento no lo va a usar\u201d, dicen en su entorno. Forma parte del discurso de austeridad del Gobierno de Milei, que en el marco del fuerte ajuste fiscal que propone intenta mostrar pocos lujos.<\/p>\n\n\n\n<p>\u201cEl Presidente viaja en un avi\u00f3n de l\u00ednea. En este viaje a Davos, era la opci\u00f3n m\u00e1s econ\u00f3mica. Mientras haya varias opciones siempre se va a elegir por la m\u00e1s econ\u00f3mica. Todo lo que implique un ahorro para el Estado siempre va a ser evaluado\u201d, asegur\u00f3 el vocero presidencial Manuel Adorni en la conferencia de prensa de este viernes.<\/p>\n\n\n\n<p>El Gobierno analiza vender el avi\u00f3n presidencial que compr\u00f3 Alberto Fern\u00e1ndez<\/p>\n\n\n\n<p>En este contexto, seg\u00fan pudo saber TN de fuentes oficiales, el Gobierno no descarta poner a la venta el Boeing 757 que lleg\u00f3 al pa\u00eds en mayo del a\u00f1o pasado y que todav\u00eda no cumpli\u00f3 ni un a\u00f1o en servicio. La cuesti\u00f3n central es que mientras el avi\u00f3n no se usa, genera gastos. Tan solo este a\u00f1o se tendr\u00e1 que someter a inspecciones millonarias que requerir\u00e1n 3 millones de d\u00f3lares.<\/p>\n\n\n\n<p>La aeronave en cuesti\u00f3n es un Boeing 757-256 construido en el 2000. El Gobierno de Alberto Fern\u00e1ndez se lo compr\u00f3 a la empresa C&amp;L Aviati\u00f3n Group en un total de U$S25 millones, de los que U$S 22.000.000 se pagaron en efectivo y se acord\u00f3 la entrega del viejo Tango 01 como parte de pago. Arrib\u00f3 al pa\u00eds en mayo de 2023 proveniente de los Estados Unidos, en donde se lo someti\u00f3 a una serie de reparaciones antes de su entrega.<\/p>\n","protected":false},"excerpt":{"rendered":"<p>Fuentes oficiales explican que el Presidente no estar\u00eda de acuerdo con utilizarlo en caso de que haya opciones de traslado m\u00e1s econ\u00f3micas. Est\u00e1 en Aeroparque sin uso pero en los primeros meses del a\u00f1o demandar\u00e1 U$S 3 millones en mantenimiento. El Boeing 757-256, m\u00e1s conocido como ARG-01, pasa sus d\u00edas en Aeroparque sin demasiada actividad. [&hellip;]<\/p>\n","protected":false},"author":2,"featured_media":71201,"comment_status":"open","ping_status":"open","sticky":false,"template":"","format":"standard","meta":{"tdm_status":"","tdm_grid_status":"","_joinchat":[],"footnotes":""},"categories":[60],"tags":[],"class_list":{"0":"post-71200","1":"post","2":"type-post","3":"status-publish","4":"format-standard","5":"has-post-thumbnail","7":"category-economia"},"amp_enabled":true,"_links":{"self":[{"href":"https:\/\/www.todoeldia.com\/index.php\/wp-json\/wp\/v2\/posts\/71200","targetHints":{"allow":["GET"]}}],"collection":[{"href":"https:\/\/www.todoeldia.com\/index.php\/wp-json\/wp\/v2\/posts"}],"about":[{"href":"https:\/\/www.todoeldia.com\/index.php\/wp-json\/wp\/v2\/types\/post"}],"author":[{"embeddable":true,"href":"https:\/\/www.todoeldia.com\/index.php\/wp-json\/wp\/v2\/users\/2"}],"replies":[{"embeddable":true,"href":"https:\/\/www.todoeldia.com\/index.php\/wp-json\/wp\/v2\/comments?post=71200"}],"version-history":[{"count":1,"href":"https:\/\/www.todoeldia.com\/index.php\/wp-json\/wp\/v2\/posts\/71200\/revisions"}],"predecessor-version":[{"id":71202,"href":"https:\/\/www.todoeldia.com\/index.php\/wp-json\/wp\/v2\/posts\/71200\/revisions\/71202"}],"wp:featuredmedia":[{"embeddable":true,"href":"https:\/\/www.todoeldia.com\/index.php\/wp-json\/wp\/v2\/media\/71201"}],"wp:attachment":[{"href":"https:\/\/www.todoeldia.com\/index.php\/wp-json\/wp\/v2\/media?parent=71200"}],"wp:term":[{"taxonomy":"category","embeddable":true,"href":"https:\/\/www.todoeldia.com\/index.php\/wp-json\/wp\/v2\/categories?post=71200"},{"taxonomy":"post_tag","embeddable":true,"href":"https:\/\/www.todoeldia.com\/index.php\/wp-json\/wp\/v2\/tags?post=71200"}],"curies":[{"name":"wp","href":"https:\/\/api.w.org\/{rel}","templated":true}]}}