{"id":71203,"date":"2024-01-12T18:05:26","date_gmt":"2024-01-12T21:05:26","guid":{"rendered":"https:\/\/www.todoeldia.com\/?p=71203"},"modified":"2024-01-12T18:07:57","modified_gmt":"2024-01-12T21:07:57","slug":"ajustes-y-recortes-en-la-tv-publica-rajaron-a-ernestina-pais-y-coco-sily-se-suman-despidos-y-cancelaciones","status":"publish","type":"post","link":"https:\/\/www.todoeldia.com\/index.php\/2024\/01\/12\/ajustes-y-recortes-en-la-tv-publica-rajaron-a-ernestina-pais-y-coco-sily-se-suman-despidos-y-cancelaciones\/","title":{"rendered":"Ajustes y recortes en la TV P\u00fablica: rajaron a Ernestina Pais y Coco Sily, se suman despidos y cancelaciones"},"content":{"rendered":"\n<p>El Gobierno de Milei suspendi\u00f3 dos noticieros y dio de baja los programas tercerizados.<\/p>\n\n\n\n<p>Tras las amenazas de la diputada de La Libertad Avanza Lilia Lemoine y las promesas del equipo de Javier Milei de achicar los espacios para poder expresarse en pos del &#8220;ajuste necesario&#8221;, la Televisi\u00f3n P\u00fablica debi\u00f3 reducir su personal de varios programas para ajustar el presupuesto y reducir el d\u00e9ficit que alcanz\u00f3 cifras preocupantes en 2023, superando los $20.000 millones.<\/p>\n\n\n\n<p>Estos recortes presupuestarios afectaron severamente la programaci\u00f3n del canal, resultando en la suspensi\u00f3n de dos noticieros y la baja de programas tercerizados. Esta medida alcanza a los programas de la medianoche y de los fines de semana, as\u00ed como la ausencia de coberturas en la Costa por la temporada de verano.<\/p>\n\n\n\n<p>Adem\u00e1s, varios programas tercerizados han sido dados de baja, entre ellos, los conducidos por personalidades reconocidas como Ernestina Pais, en &#8220;Ma\u00f1anas P\u00fablicas&#8221;, Coco Sily, en &#8220;Noches de Mente&#8221; y los periodistas Luli Trujllo y Pablo Caruso, que conduc\u00edan los domingos por la noche &#8220;Desiguales&#8221;. Sin embargo, &#8220;Cocineros Argentinos&#8221;, por ejemplo, continuar\u00e1 en el aire.<\/p>\n\n\n\n<figure class=\"wp-block-image size-full is-resized\"><img loading=\"lazy\" decoding=\"async\" width=\"800\" height=\"450\" src=\"https:\/\/www.todoeldia.com\/wp-content\/uploads\/2024\/01\/ernestina-pais1.jpg\" alt=\"\" class=\"wp-image-71206\" style=\"width:1068px;height:auto\" srcset=\"https:\/\/www.todoeldia.com\/wp-content\/uploads\/2024\/01\/ernestina-pais1.jpg 800w, https:\/\/www.todoeldia.com\/wp-content\/uploads\/2024\/01\/ernestina-pais1-300x169.jpg 300w, https:\/\/www.todoeldia.com\/wp-content\/uploads\/2024\/01\/ernestina-pais1-768x432.jpg 768w, https:\/\/www.todoeldia.com\/wp-content\/uploads\/2024\/01\/ernestina-pais1-696x392.jpg 696w, https:\/\/www.todoeldia.com\/wp-content\/uploads\/2024\/01\/ernestina-pais1-747x420.jpg 747w\" sizes=\"auto, (max-width: 800px) 100vw, 800px\" \/><\/figure>\n\n\n\n<p>En este sentido, el director de Radio y Televisi\u00f3n Argentina (RTA) y presidente transitorio de la TV P\u00fablica, Javier Monte, decidi\u00f3 poner fin al sistema de tercerizaci\u00f3n de programas, a excepci\u00f3n del programa de Turismo Carretera. Cabe destacar tambi\u00e9n que, en la gesti\u00f3n anterior, se llevaron a cabo acuerdos millonarios con productoras privadas, lo que ahora se est\u00e1 revirtiendo por decisi\u00f3n del equipo de Milei.<\/p>\n","protected":false},"excerpt":{"rendered":"<p>El Gobierno de Milei suspendi\u00f3 dos noticieros y dio de baja los programas tercerizados. Tras las amenazas de la diputada de La Libertad Avanza Lilia Lemoine y las promesas del equipo de Javier Milei de achicar los espacios para poder expresarse en pos del &#8220;ajuste necesario&#8221;, la Televisi\u00f3n P\u00fablica debi\u00f3 reducir su personal de varios [&hellip;]<\/p>\n","protected":false},"author":2,"featured_media":20079,"comment_status":"open","ping_status":"open","sticky":false,"template":"","format":"standard","meta":{"tdm_status":"","tdm_grid_status":"","_joinchat":[],"footnotes":""},"categories":[60],"tags":[],"class_list":{"0":"post-71203","1":"post","2":"type-post","3":"status-publish","4":"format-standard","5":"has-post-thumbnail","7":"category-economia"},"amp_enabled":true,"_links":{"self":[{"href":"https:\/\/www.todoeldia.com\/index.php\/wp-json\/wp\/v2\/posts\/71203","targetHints":{"allow":["GET"]}}],"collection":[{"href":"https:\/\/www.todoeldia.com\/index.php\/wp-json\/wp\/v2\/posts"}],"about":[{"href":"https:\/\/www.todoeldia.com\/index.php\/wp-json\/wp\/v2\/types\/post"}],"author":[{"embeddable":true,"href":"https:\/\/www.todoeldia.com\/index.php\/wp-json\/wp\/v2\/users\/2"}],"replies":[{"embeddable":true,"href":"https:\/\/www.todoeldia.com\/index.php\/wp-json\/wp\/v2\/comments?post=71203"}],"version-history":[{"count":2,"href":"https:\/\/www.todoeldia.com\/index.php\/wp-json\/wp\/v2\/posts\/71203\/revisions"}],"predecessor-version":[{"id":71207,"href":"https:\/\/www.todoeldia.com\/index.php\/wp-json\/wp\/v2\/posts\/71203\/revisions\/71207"}],"wp:featuredmedia":[{"embeddable":true,"href":"https:\/\/www.todoeldia.com\/index.php\/wp-json\/wp\/v2\/media\/20079"}],"wp:attachment":[{"href":"https:\/\/www.todoeldia.com\/index.php\/wp-json\/wp\/v2\/media?parent=71203"}],"wp:term":[{"taxonomy":"category","embeddable":true,"href":"https:\/\/www.todoeldia.com\/index.php\/wp-json\/wp\/v2\/categories?post=71203"},{"taxonomy":"post_tag","embeddable":true,"href":"https:\/\/www.todoeldia.com\/index.php\/wp-json\/wp\/v2\/tags?post=71203"}],"curies":[{"name":"wp","href":"https:\/\/api.w.org\/{rel}","templated":true}]}}