{"id":71208,"date":"2024-01-12T18:13:01","date_gmt":"2024-01-12T21:13:01","guid":{"rendered":"https:\/\/www.todoeldia.com\/?p=71208"},"modified":"2024-01-12T18:13:02","modified_gmt":"2024-01-12T21:13:02","slug":"tinelli-al-borde-del-abismo-en-america-tv-cheques-sin-fondo-bajo-rating-y-peligra-su-gerencia-en-el-canal-de-vila","status":"publish","type":"post","link":"https:\/\/www.todoeldia.com\/index.php\/2024\/01\/12\/tinelli-al-borde-del-abismo-en-america-tv-cheques-sin-fondo-bajo-rating-y-peligra-su-gerencia-en-el-canal-de-vila\/","title":{"rendered":"Tinelli, al borde del abismo en Am\u00e9rica TV: cheques sin fondo, bajo rating y peligra su gerencia en el canal de Vila"},"content":{"rendered":"\n<p>El conductor no cumpli\u00f3 con las expectativas y desde el canal planean mostrarle la puerta de salida.<\/p>\n\n\n\n<p>El horno no est\u00e1 para bollos y la paciencia, aparentemente, se acab\u00f3 con Marcelo Hugo Tinelli en Am\u00e9rica TV. &#8220;Bueno, les tengo una informaci\u00f3n de \u00faltimo momento, algo que yo ya sab\u00eda, la informaci\u00f3n ya la ten\u00eda, pero bueno, ahora comenz\u00f3 a tomar un poco m\u00e1s de vuelo, por as\u00ed decirlo. \u00bfMarcelo Tinelli se queda fuera de Am\u00e9rica? Est\u00e1 debiendo plata con el tema pago de sueldos del mes de diciembre y el Bailando est\u00e1 haciendo un n\u00famero muy bajo&#8221;, inform\u00f3 el periodista Nacho Rodr\u00edguez.<\/p>\n\n\n\n<p>Para entender lo que est\u00e1 ocurriendo con el conductor de Bol\u00edvar, hay que volver en el tiempo hasta marzo del 2023. Am\u00e9rica TV pasaba (y pasa actualmente porque nada cambio por ahora) uno de sus peores momentos televisivos. Sin rating, y midi\u00e9ndose con la popularidad que tiene Telefe, el canal hab\u00eda decidido apostar todo al conductor m\u00e1s famoso de los \u00faltimos a\u00f1os para intentar hacer pico nuevamente con un nuevo show y espect\u00e1culo. Buenas noches, Am\u00e9rica, otra vez.<\/p>\n\n\n\n<p>Pero la se\u00f1al atravesaba -y atraviesa- su peor momento. En bancarrota, con el rating m\u00e1s bajo de su historia y con una sangr\u00eda de figuras hist\u00f3ricas. Esto motiv\u00f3 a su c\u00fapula a buscar, desesperadamente, un nuevo rumbo tanto en lo art\u00edstico como en lo empresarial. Mientras algunos de sus directivos esperaba sacarse de encima a la empresa, pudieron meter un &#8220;volantazo&#8221; que les dio algo de aliento al principio y que, a la larga, los termin\u00f3 estrellando contra el pared\u00f3n: la contrataci\u00f3n de Tinelli<\/p>\n\n\n\n<p>Para ser claros. La emisora estaba en venta. El valor para hacerse con Am\u00e9rica era de 58 millones de d\u00f3lares, lo que pretend\u00eda Daniel Vila, e incluso, Marcelo F\u00edgoli estuvo a punto de comprarle el medio al mendocino y a Jos\u00e9 Luis Manzano. El due\u00f1o de Alpha Media pujaba con Gustavo Scaglione, due\u00f1o de La Capital de Rosario, por el paquete accionario que comparten Vila y Manzano con Gabriel Hochbaum. La otra mitad del Grupo est\u00e1 en manos de Claudio Belocopitt, due\u00f1o de Swiss Medical.<\/p>\n\n\n\n<p>Sin embargo, la compra de F\u00edgoli se cay\u00f3 porque finalmente Vila decidi\u00f3 no vender debido, seg\u00fan pudo saber BigBang, a que se trataba de un a\u00f1o electoral al que buscaban sacarle r\u00e9dito, aunque el tiro finalmente les termin\u00f3 saliendo por la culata tras la victoria de Javier Milei. Lo que estaba en venta era todo el paquete de empresas bajo la \u00f3rbita del grupo que incluye a los canales Am\u00e9rica, A24, Radio La Red, Radio Blue y una serie de medios del interior en Mendoza y en San Juan.<\/p>\n\n\n\n<p>Hasta marzo del a\u00f1o pasado, eran innumerable la cantidad veces que Am\u00e9rica hab\u00eda intentado llevarse a Tinelli a su canal. Pero el &#8220;cabez\u00f3n&#8221; era intocable, car\u00edsimo y, en ese momento, todo lo que tocaba era oro. Hoy, eso no solo no es as\u00ed, sino que a 9 meses de su arribo, el Bailando ser mueve entre los 3 y 5 puntos de rating, muy lejos de los dos decimales que pretend\u00eda la se\u00f1al y que hab\u00eda prometido el ex presidente de San Lorenzo. Adem\u00e1s, tampoco paga los sueldos y debe todo diciembre del 2024.<\/p>\n","protected":false},"excerpt":{"rendered":"<p>El conductor no cumpli\u00f3 con las expectativas y desde el canal planean mostrarle la puerta de salida. El horno no est\u00e1 para bollos y la paciencia, aparentemente, se acab\u00f3 con Marcelo Hugo Tinelli en Am\u00e9rica TV. &#8220;Bueno, les tengo una informaci\u00f3n de \u00faltimo momento, algo que yo ya sab\u00eda, la informaci\u00f3n ya la ten\u00eda, pero [&hellip;]<\/p>\n","protected":false},"author":2,"featured_media":26264,"comment_status":"open","ping_status":"open","sticky":false,"template":"","format":"standard","meta":{"tdm_status":"","tdm_grid_status":"","_joinchat":[],"footnotes":""},"categories":[120],"tags":[],"class_list":{"0":"post-71208","1":"post","2":"type-post","3":"status-publish","4":"format-standard","5":"has-post-thumbnail","7":"category-espectaculos-2"},"amp_enabled":true,"_links":{"self":[{"href":"https:\/\/www.todoeldia.com\/index.php\/wp-json\/wp\/v2\/posts\/71208","targetHints":{"allow":["GET"]}}],"collection":[{"href":"https:\/\/www.todoeldia.com\/index.php\/wp-json\/wp\/v2\/posts"}],"about":[{"href":"https:\/\/www.todoeldia.com\/index.php\/wp-json\/wp\/v2\/types\/post"}],"author":[{"embeddable":true,"href":"https:\/\/www.todoeldia.com\/index.php\/wp-json\/wp\/v2\/users\/2"}],"replies":[{"embeddable":true,"href":"https:\/\/www.todoeldia.com\/index.php\/wp-json\/wp\/v2\/comments?post=71208"}],"version-history":[{"count":1,"href":"https:\/\/www.todoeldia.com\/index.php\/wp-json\/wp\/v2\/posts\/71208\/revisions"}],"predecessor-version":[{"id":71209,"href":"https:\/\/www.todoeldia.com\/index.php\/wp-json\/wp\/v2\/posts\/71208\/revisions\/71209"}],"wp:featuredmedia":[{"embeddable":true,"href":"https:\/\/www.todoeldia.com\/index.php\/wp-json\/wp\/v2\/media\/26264"}],"wp:attachment":[{"href":"https:\/\/www.todoeldia.com\/index.php\/wp-json\/wp\/v2\/media?parent=71208"}],"wp:term":[{"taxonomy":"category","embeddable":true,"href":"https:\/\/www.todoeldia.com\/index.php\/wp-json\/wp\/v2\/categories?post=71208"},{"taxonomy":"post_tag","embeddable":true,"href":"https:\/\/www.todoeldia.com\/index.php\/wp-json\/wp\/v2\/tags?post=71208"}],"curies":[{"name":"wp","href":"https:\/\/api.w.org\/{rel}","templated":true}]}}