{"id":71216,"date":"2024-01-13T13:32:36","date_gmt":"2024-01-13T16:32:36","guid":{"rendered":"https:\/\/www.todoeldia.com\/?p=71216"},"modified":"2024-01-13T14:42:37","modified_gmt":"2024-01-13T17:42:37","slug":"cinco-militares-bolivianos-fueron-quemados-vivos-dentro-de-su-vehiculo-cerca-de-la-frontera-con-argentina","status":"publish","type":"post","link":"https:\/\/www.todoeldia.com\/index.php\/2024\/01\/13\/cinco-militares-bolivianos-fueron-quemados-vivos-dentro-de-su-vehiculo-cerca-de-la-frontera-con-argentina\/","title":{"rendered":"Cinco militares bolivianos fueron quemados vivos dentro de su veh\u00edculo cerca de la frontera con Argentina"},"content":{"rendered":"\n<p>Lo uniformados persegu\u00edan a una banda que transportaba sustancias qu\u00edmicas ilegales cuando volc\u00f3 en la carretera cerca de Villamontes. Los narcos aprovecharon el accidente para desarmarlos, rociarlos con gasolina y prenderlos fuego.<\/p>\n\n\n\n<p>En un crimen que ha estremecido a la naci\u00f3n, cinco miembros del Ej\u00e9rcito Boliviano fueron brutalmente asesinados el pasado jueves cerca de Villamontes, a unos 90 kil\u00f3metros de la frontera con Argentina. Los subtenientes Yamil Argani y Jos\u00e9 Mar\u00eda Romero, junto a los sargentos Braulio Pacaje, Vladimir Pacasi y Ruddy Medoza, fueron incinerados dentro de su veh\u00edculo tras ser emboscados por una organizaci\u00f3n criminal.<\/p>\n\n\n\n<p>Inicialmente se pens\u00f3 que el incendio hab\u00eda sido causado por un accidente de tr\u00e1nsito, pero el viceministro de Lucha contra el Contrabando, Daniel Vargas, descart\u00f3 esta versi\u00f3n y denunci\u00f3 que lo sucedido fue un acto criminal premeditado, una manifestaci\u00f3n de la violencia que enfrentan las fuerzas armadas en su lucha contra el contrabando y narcotr\u00e1fico. El funcionario agreg\u00f3 que \u201cse est\u00e1 llevando a cabo una movilizaci\u00f3n de los grupos de inteligencia militar para dar con los responsables de esta atrocidad\u201d.<\/p>\n\n\n\n<figure class=\"wp-block-image size-large\"><img loading=\"lazy\" decoding=\"async\" width=\"1024\" height=\"683\" src=\"https:\/\/www.todoeldia.com\/wp-content\/uploads\/2024\/01\/image-63-1024x683.png\" alt=\"\" class=\"wp-image-71218\" srcset=\"https:\/\/www.todoeldia.com\/wp-content\/uploads\/2024\/01\/image-63-1024x683.png 1024w, https:\/\/www.todoeldia.com\/wp-content\/uploads\/2024\/01\/image-63-300x200.png 300w, https:\/\/www.todoeldia.com\/wp-content\/uploads\/2024\/01\/image-63-768x512.png 768w, https:\/\/www.todoeldia.com\/wp-content\/uploads\/2024\/01\/image-63-696x464.png 696w, https:\/\/www.todoeldia.com\/wp-content\/uploads\/2024\/01\/image-63-1068x712.png 1068w, https:\/\/www.todoeldia.com\/wp-content\/uploads\/2024\/01\/image-63-630x420.png 630w, https:\/\/www.todoeldia.com\/wp-content\/uploads\/2024\/01\/image-63.png 1080w\" sizes=\"auto, (max-width: 1024px) 100vw, 1024px\" \/><\/figure>\n\n\n\n<p>Las muertes de los cinco militares conmovieron al pa\u00eds por su particular crueldad. Seg\u00fan una fuente policial, los unifromados asesinados formaban parte de una operaci\u00f3n destinada a combatir actividades il\u00edcitas en las zonas fronterizas bolivianas y el d\u00eda del crimen persegu\u00edan un veh\u00edculo cargado con sustancias qu\u00edmicas ilegales.<\/p>\n\n\n\n<p>Testigos revelaron que la camioneta militar fue forzada a salirse del camino y volc\u00f3. Los atacantes aprovecharon la confusi\u00f3n tras el accidente para desarmar a los militares, rociarlos con gasolina y prenderlos fuego. Despu\u00e9s del asesinato, los narcos huyeron, dejando tras de s\u00ed botellas de gasolina como testimonio del horror<\/p>\n\n\n\n<p>Posteriormente, uno de ellos se jact\u00f3 del crimen, lo que qued\u00f3 registrado en uno de las varios audios que, por una raz\u00f3n a\u00fan no determinada, terminaron en las redes sociales y llegaron a o\u00eddos policiales. \u201cTanto que hacen llorar a la gente estos maleantes, est\u00e1n ardi\u00e9ndose como perros que son\u201d, se escucha en una de estas grabaciones, que fueron reproducidas por los medios de comunicaci\u00f3n.<\/p>\n","protected":false},"excerpt":{"rendered":"<p>Lo uniformados persegu\u00edan a una banda que transportaba sustancias qu\u00edmicas ilegales cuando volc\u00f3 en la carretera cerca de Villamontes. Los narcos aprovecharon el accidente para desarmarlos, rociarlos con gasolina y prenderlos fuego. En un crimen que ha estremecido a la naci\u00f3n, cinco miembros del Ej\u00e9rcito Boliviano fueron brutalmente asesinados el pasado jueves cerca de Villamontes, [&hellip;]<\/p>\n","protected":false},"author":2,"featured_media":71217,"comment_status":"open","ping_status":"open","sticky":false,"template":"","format":"standard","meta":{"tdm_status":"","tdm_grid_status":"","_joinchat":[],"footnotes":""},"categories":[63],"tags":[],"class_list":{"0":"post-71216","1":"post","2":"type-post","3":"status-publish","4":"format-standard","5":"has-post-thumbnail","7":"category-policiales"},"amp_enabled":true,"_links":{"self":[{"href":"https:\/\/www.todoeldia.com\/index.php\/wp-json\/wp\/v2\/posts\/71216","targetHints":{"allow":["GET"]}}],"collection":[{"href":"https:\/\/www.todoeldia.com\/index.php\/wp-json\/wp\/v2\/posts"}],"about":[{"href":"https:\/\/www.todoeldia.com\/index.php\/wp-json\/wp\/v2\/types\/post"}],"author":[{"embeddable":true,"href":"https:\/\/www.todoeldia.com\/index.php\/wp-json\/wp\/v2\/users\/2"}],"replies":[{"embeddable":true,"href":"https:\/\/www.todoeldia.com\/index.php\/wp-json\/wp\/v2\/comments?post=71216"}],"version-history":[{"count":2,"href":"https:\/\/www.todoeldia.com\/index.php\/wp-json\/wp\/v2\/posts\/71216\/revisions"}],"predecessor-version":[{"id":71221,"href":"https:\/\/www.todoeldia.com\/index.php\/wp-json\/wp\/v2\/posts\/71216\/revisions\/71221"}],"wp:featuredmedia":[{"embeddable":true,"href":"https:\/\/www.todoeldia.com\/index.php\/wp-json\/wp\/v2\/media\/71217"}],"wp:attachment":[{"href":"https:\/\/www.todoeldia.com\/index.php\/wp-json\/wp\/v2\/media?parent=71216"}],"wp:term":[{"taxonomy":"category","embeddable":true,"href":"https:\/\/www.todoeldia.com\/index.php\/wp-json\/wp\/v2\/categories?post=71216"},{"taxonomy":"post_tag","embeddable":true,"href":"https:\/\/www.todoeldia.com\/index.php\/wp-json\/wp\/v2\/tags?post=71216"}],"curies":[{"name":"wp","href":"https:\/\/api.w.org\/{rel}","templated":true}]}}