{"id":71238,"date":"2024-01-14T11:30:36","date_gmt":"2024-01-14T14:30:36","guid":{"rendered":"https:\/\/www.todoeldia.com\/?p=71238"},"modified":"2024-01-14T11:30:36","modified_gmt":"2024-01-14T14:30:36","slug":"secuestran-49-vehiculos-millones-de-pesos-y-detienen-a-dos-jefes-de-una-poderosa-organizacion-narcocriminal","status":"publish","type":"post","link":"https:\/\/www.todoeldia.com\/index.php\/2024\/01\/14\/secuestran-49-vehiculos-millones-de-pesos-y-detienen-a-dos-jefes-de-una-poderosa-organizacion-narcocriminal\/","title":{"rendered":"Secuestran 49 veh\u00edculos, millones de pesos y detienen a dos jefes de una poderosa organizaci\u00f3n narcocriminal"},"content":{"rendered":"\n<p>Los acusados, Abel Liquitay y David Liquitaya Choque, imputados por transporte de estupefacientes y lavado de activos provenientes del narcotr\u00e1fico, cayeron en una redada que incluy\u00f3 31 allanamientos en las provincias de Salta y Jujuy, producto de lo cual tambi\u00e9n fueron detenidos otros dos hombres que tuvieron participaci\u00f3n en operaciones de tr\u00e1fico por m\u00e1s de 450 kilos de coca\u00edna.<\/p>\n\n\n\n<p>En el marco de una investigaci\u00f3n sin precedentes, llevada delante de manera coordinada por tres \u00e1reas especializadas de la Fiscal\u00eda del Distrito, en l\u00ednea con la PROCUNAR NOA, las juezas federales de Garant\u00edas, en feria, Mariela Gim\u00e9nez y Carina Gregoraschuk, de Salta y Jujuy, dieron por formalizadas las acusaciones a dos l\u00edderes de una importante organizaci\u00f3n narcocriminal que operaba en la regi\u00f3n y era un importante proveedor en otras provincias.<\/p>\n\n\n\n<p>Por distintos caminos, los fiscales llegaron hasta Abel Liquitay y su hermanastro David Liquitaya Choque, sindicados como los principales jefes del clan conocido como \u201cLos Liquitay\u201d, quienes operan en Jujuy y Salta desde 1978 y ya llevan tres generaciones implicadas en actividades del narcotr\u00e1fico en toda la regi\u00f3n.<\/p>\n\n\n\n<p>La captura de ambos se produjo el 10 de enero como resultado de una medida requerida por el fiscal Zurueta, siendo \u00e9sta la diligencia de mayor envergadura, pues consisti\u00f3 en la realizaci\u00f3n de 31 allanamientos, en domicilios y locales comerciales ubicados en ambas provincias.<\/p>\n\n\n\n<figure class=\"wp-block-video\"><video height=\"480\" style=\"aspect-ratio: 360 \/ 480;\" width=\"360\" controls src=\"https:\/\/www.todoeldia.com\/wp-content\/uploads\/2024\/01\/419726240_368992819057558_7219563053284245131_n.mp4\"><\/video><\/figure>\n\n\n\n<p>Cabe mencionar que las tareas investigativas, dirigidas por las distintas \u00e1reas especializadas, estuvieron a cargo de efectivos de la Unidad de Procedimientos Judiciales y de la Unidad de Reuni\u00f3n de Informaci\u00f3n de Jujuy, de Gendarmer\u00eda Nacional y del Grupo Operativo de Lucha Contra el Narcotr\u00e1fico NOA.<\/p>\n\n\n\n<p>Los fiscales sostuvieron que esta organizaci\u00f3n, de la cual los dos acusados eran l\u00edderes, ten\u00eda como modalidad la obtenci\u00f3n de la droga a trav\u00e9s de proveedores en la frontera, a la altura de la localidad de La Quiaca, tras lo cual, y mediante la participaci\u00f3n de otros eslabones, el clan coordinaba el traslado de la sustancia hasta la ciudad de San Salvador, en Jujuy.<\/p>\n\n\n\n<p>Posteriormente, se reacondicionaba la droga en otros veh\u00edculos, para luego seguir viaje a otros destinos, como Salta, Tucum\u00e1n, C\u00f3rdoba, la Ciudad Aut\u00f3noma de Buenos Aires y Mendoza, tr\u00e1fico que le dejaba grandes ganancias, con las que luego adquir\u00edan bienes, por lo general veh\u00edculos.<\/p>\n\n\n\n<p>Los fiscales imputaron a los detenidos el delito de lavado de activos provenientes del narcotr\u00e1fico, agravado por la habitualidad y por ser cometido por un grupo organizado, lo que fundaron en una extensa cantidad de hechos y pruebas que fueron expuestas ante la jueza.<\/p>\n\n\n\n<p>Entre ellas, se destac\u00f3 un extenso listado de veh\u00edculos que fueron adquiridos o administrados por los acusados, ya sea de manera directa o por intermediarios, muchos de ellos familiares, dos de los cuales se encuentran pr\u00f3fugos y con el respectivo pedido de captura.<\/p>\n\n\n\n<p>Adem\u00e1s, y como nota sobresaliente, se mencionaron 18 veh\u00edculos de alta gama que fueron secuestrados en un galp\u00f3n ubicado en la localidad juje\u00f1a de Palpal\u00e1, donde hab\u00eda un auto Honda Civic, otro, marca SEAT, dos camionetas Toyota, otra VW Amarok, una SW4 y una Dodge Ram y tres cuatriciclos, entre otros rodados. Tambi\u00e9n se secuestr\u00f3 una suma de $4.718.000, 13.603 d\u00f3lares, 100 euros y 420 pesos bolivianos.<\/p>\n\n\n\n<p>Pese al enorme volumen de dinero necesario para la adquisici\u00f3n de estos veh\u00edculos, entre ellos 7 camiones, ninguno de los acusados registraba trabajo formal, ingresos registrados en AFIP ni tampoco ten\u00edan declaraciones juradas actualizadas.<\/p>\n\n\n\n<p>Por otra parte, y de manera detallada, los fiscales hicieron notar a la jueza las vinculaciones que exist\u00edan entre ambos acusados y, al menos, otras cuatro investigaciones llevadas adelante por narcotr\u00e1fico, en una de las cuales Alberto Estanislao Liquitay, padre de uno de los imputados, fue condenado a 10 a\u00f1os de prisi\u00f3n, sentencia dictada el 5 de febrero de 2020 por el Tribunal Oral Federal N\u00b01, siendo la primera generaci\u00f3n de esta organizaci\u00f3n.<\/p>\n\n\n\n<p>Su hijo, Abel, representa la segunda l\u00ednea parental, mientras que la tercera se trata de los hijos de \u00e9ste y de su hermanastro, dos de los cuales no pudieron ser detenidos en los allanamientos ordenados, aunque s\u00ed se recolectaron varias pruebas de inter\u00e9s para la investigaci\u00f3n.<\/p>\n\n\n\n<p>Expuestas las evidencias y requerida la calificaci\u00f3n legal, la fiscal\u00eda solicit\u00f3 a la jueza la prisi\u00f3n preventiva de ambos acusados, lo que fundaron, tanto en la gravedad del hecho, como en la log\u00edstica desplegada para tratar de dotar de apariencia l\u00edcita a los bienes adquiridos con las ganancias obtenidas de las actividades del narcotr\u00e1fico.<\/p>\n\n\n\n<p>Asimismo, resaltaron el peligro de fuga, dado el poder econ\u00f3mico que ostentan los imputados, por lo que no tendr\u00edan inconvenientes financieros para la fuga. En ese mismo contexto, se refirieron al entorpecimiento de pericias y otras medidas probatorias pendientes, la alerta a sus familiares pr\u00f3fugos y la escala penal excesiva, la que impedir\u00eda acceder a un beneficio de morigeraci\u00f3n de su modalidad de arresto.<\/p>\n\n\n\n<p>Atento a ello, y dado que las defensas no pudieron revertir la acusaci\u00f3n ni tampoco fundar elementos que ameriten otra medida de coerci\u00f3n, la jueza dict\u00f3 la prisi\u00f3n preventiva, como as\u00ed tambi\u00e9n autoriz\u00f3 las pericias requeridas y calific\u00f3 el caso como complejo, como lo requiri\u00f3 la fiscal\u00eda.<\/p>\n\n\n\n<p>El hallazgo de documentaci\u00f3n perteneciente a varios veh\u00edculos en los allanamientos realizados, fue clave para la investigaci\u00f3n, pues hab\u00eda papeles vinculados a dos rodados que participaron de dos hechos de transporte de coca\u00edna.<\/p>\n\n\n\n<p>Uno de ellos -por m\u00e1s de 418 kilos de coca\u00edna- se registr\u00f3 en noviembre pasado, en el sur de Salta. Es m\u00e1s, en uno de los domicilios allanados se logr\u00f3 la captura de Dar\u00edo Gim\u00e9nez, quienes era buscado por su participaci\u00f3n en ese hecho.<\/p>\n\n\n\n<p>Id\u00e9ntica situaci\u00f3n sucedi\u00f3 con Daniel Su\u00e1rez, quien estaba vinculado a otro caso de transporte de droga, descubierto el 4 de enero pasado, cuando se detuvo un cami\u00f3n Mercedes Benz que circulaba de norte a sur, por la ruta 66, a la altura de la finca El Pongo, en Jujuy. En el rodado, en el tanque de combustible, se descubrieron 46 kilos de coca\u00edna.<\/p>\n\n\n\n<p>En vista de ello, el \u00c1rea de Casos Complejos de Salta, representada por el auxiliar fiscal Ignacio Irigoyen, imput\u00f3 a Gim\u00e9nez y Liquitaya Choque el delito de transporte de estupefacientes agravado por el n\u00famero de intervinientes, ya que las pruebas obtenidas permitieron establecer la participaci\u00f3n de ambos en el transporte de 418 kilos de coca\u00edna, registrado en noviembre pasado y por el cual ya hay otros tres acusados.<\/p>\n\n\n\n<p>La acusaci\u00f3n fue formalizada esta tarde ante la jueza Gim\u00e9nez, quien acept\u00f3 la misma y dict\u00f3 tambi\u00e9n la prisi\u00f3n preventiva de ambos. El jueves pasado, la magistrada hab\u00eda hecho lo propio, cuando el fiscal Amad present\u00f3 la misma acusaci\u00f3n en contra de Su\u00e1rez y Liquitay, en este caso por la participaci\u00f3n que tuvieron en el transporte de 46 kilos de coca\u00edna hallados el 4 de enero, en un cami\u00f3n Mercedes Benz, en la ruta 66, en Jujuy.<\/p>\n\n\n\n<p>Norte Ya<\/p>\n","protected":false},"excerpt":{"rendered":"<p>Los acusados, Abel Liquitay y David Liquitaya Choque, imputados por transporte de estupefacientes y lavado de activos provenientes del narcotr\u00e1fico, cayeron en una redada que incluy\u00f3 31 allanamientos en las provincias de Salta y Jujuy, producto de lo cual tambi\u00e9n fueron detenidos otros dos hombres que tuvieron participaci\u00f3n en operaciones de tr\u00e1fico por m\u00e1s de [&hellip;]<\/p>\n","protected":false},"author":2,"featured_media":71240,"comment_status":"open","ping_status":"open","sticky":false,"template":"","format":"standard","meta":{"tdm_status":"","tdm_grid_status":"","_joinchat":[],"footnotes":""},"categories":[63],"tags":[],"class_list":{"0":"post-71238","1":"post","2":"type-post","3":"status-publish","4":"format-standard","5":"has-post-thumbnail","7":"category-policiales"},"amp_enabled":true,"_links":{"self":[{"href":"https:\/\/www.todoeldia.com\/index.php\/wp-json\/wp\/v2\/posts\/71238","targetHints":{"allow":["GET"]}}],"collection":[{"href":"https:\/\/www.todoeldia.com\/index.php\/wp-json\/wp\/v2\/posts"}],"about":[{"href":"https:\/\/www.todoeldia.com\/index.php\/wp-json\/wp\/v2\/types\/post"}],"author":[{"embeddable":true,"href":"https:\/\/www.todoeldia.com\/index.php\/wp-json\/wp\/v2\/users\/2"}],"replies":[{"embeddable":true,"href":"https:\/\/www.todoeldia.com\/index.php\/wp-json\/wp\/v2\/comments?post=71238"}],"version-history":[{"count":1,"href":"https:\/\/www.todoeldia.com\/index.php\/wp-json\/wp\/v2\/posts\/71238\/revisions"}],"predecessor-version":[{"id":71241,"href":"https:\/\/www.todoeldia.com\/index.php\/wp-json\/wp\/v2\/posts\/71238\/revisions\/71241"}],"wp:featuredmedia":[{"embeddable":true,"href":"https:\/\/www.todoeldia.com\/index.php\/wp-json\/wp\/v2\/media\/71240"}],"wp:attachment":[{"href":"https:\/\/www.todoeldia.com\/index.php\/wp-json\/wp\/v2\/media?parent=71238"}],"wp:term":[{"taxonomy":"category","embeddable":true,"href":"https:\/\/www.todoeldia.com\/index.php\/wp-json\/wp\/v2\/categories?post=71238"},{"taxonomy":"post_tag","embeddable":true,"href":"https:\/\/www.todoeldia.com\/index.php\/wp-json\/wp\/v2\/tags?post=71238"}],"curies":[{"name":"wp","href":"https:\/\/api.w.org\/{rel}","templated":true}]}}