{"id":71242,"date":"2024-01-14T11:57:45","date_gmt":"2024-01-14T14:57:45","guid":{"rendered":"https:\/\/www.todoeldia.com\/?p=71242"},"modified":"2024-01-14T11:57:45","modified_gmt":"2024-01-14T14:57:45","slug":"se-encuentra-fuera-de-peligro-la-mujer-herida-de-un-disparo-en-joaquin-v-gonzalez","status":"publish","type":"post","link":"https:\/\/www.todoeldia.com\/index.php\/2024\/01\/14\/se-encuentra-fuera-de-peligro-la-mujer-herida-de-un-disparo-en-joaquin-v-gonzalez\/","title":{"rendered":"Se encuentra fuera de peligro la mujer herida de un disparo en Joaqu\u00edn V. Gonz\u00e1lez"},"content":{"rendered":"\n<p>Tras recibir asistencia m\u00e9dica, la mujer que result\u00f3 lesionada en la cabeza por un disparo de arma de fuego, fue dada de alta al verificarse que la herida fue superficial y que se encuentra fuera de peligro. Se realiz\u00f3 relevamiento de c\u00e1maras, secuestro de prendas de vestir y otras medidas dispuestas para lograr el esclarecimiento del hecho.<\/p>\n\n\n\n<p>La fiscal penal de Joaqu\u00edn V. Gonz\u00e1lez en feria, Mar\u00eda Celeste Garc\u00eda Pisacic, fue notificada del alto m\u00e9dico recibido en la ciudad de Salta de la mujer que fue trasladada este s\u00e1bado, luego de recibir una lesi\u00f3n de arma de fuego en la cabeza. La herida provocada fue superficial y afortunadamente se encuentra fuera de peligro, seg\u00fan se\u00f1alaron los m\u00e9dicos.<\/p>\n\n\n\n<p>En tanto, Garc\u00eda Pisacic remarc\u00f3 que tras el hecho y con el trabajo de personal policial de la jurisdicci\u00f3n y de Criminal\u00edstica, se realiz\u00f3 un exhaustivo relevamiento de c\u00e1maras en esa ciudad; el secuestro de prendas de vestir y realizaci\u00f3n de pruebas de determinaci\u00f3n de residuos de disparo de arma de fuego, entre otras, a efectivos de la Polic\u00eda de Seguridad Aeroportuaria, quienes fueron puestos a disposici\u00f3n de la Fiscal\u00eda debido a que cuando la mujer result\u00f3 herida, realizaban un procedimiento en esa ciudad.<\/p>\n\n\n\n<p>La Fiscal espera poder esclarecer los hechos a partir de los resultados que se obtengan de las numerosas diligencias y medidas dispuestas a tal fin.<\/p>\n","protected":false},"excerpt":{"rendered":"<p>Tras recibir asistencia m\u00e9dica, la mujer que result\u00f3 lesionada en la cabeza por un disparo de arma de fuego, fue dada de alta al verificarse que la herida fue superficial y que se encuentra fuera de peligro. Se realiz\u00f3 relevamiento de c\u00e1maras, secuestro de prendas de vestir y otras medidas dispuestas para lograr el esclarecimiento [&hellip;]<\/p>\n","protected":false},"author":2,"featured_media":71232,"comment_status":"open","ping_status":"open","sticky":false,"template":"","format":"standard","meta":{"tdm_status":"","tdm_grid_status":"","_joinchat":[],"footnotes":""},"categories":[63],"tags":[],"class_list":{"0":"post-71242","1":"post","2":"type-post","3":"status-publish","4":"format-standard","5":"has-post-thumbnail","7":"category-policiales"},"amp_enabled":true,"_links":{"self":[{"href":"https:\/\/www.todoeldia.com\/index.php\/wp-json\/wp\/v2\/posts\/71242","targetHints":{"allow":["GET"]}}],"collection":[{"href":"https:\/\/www.todoeldia.com\/index.php\/wp-json\/wp\/v2\/posts"}],"about":[{"href":"https:\/\/www.todoeldia.com\/index.php\/wp-json\/wp\/v2\/types\/post"}],"author":[{"embeddable":true,"href":"https:\/\/www.todoeldia.com\/index.php\/wp-json\/wp\/v2\/users\/2"}],"replies":[{"embeddable":true,"href":"https:\/\/www.todoeldia.com\/index.php\/wp-json\/wp\/v2\/comments?post=71242"}],"version-history":[{"count":1,"href":"https:\/\/www.todoeldia.com\/index.php\/wp-json\/wp\/v2\/posts\/71242\/revisions"}],"predecessor-version":[{"id":71243,"href":"https:\/\/www.todoeldia.com\/index.php\/wp-json\/wp\/v2\/posts\/71242\/revisions\/71243"}],"wp:featuredmedia":[{"embeddable":true,"href":"https:\/\/www.todoeldia.com\/index.php\/wp-json\/wp\/v2\/media\/71232"}],"wp:attachment":[{"href":"https:\/\/www.todoeldia.com\/index.php\/wp-json\/wp\/v2\/media?parent=71242"}],"wp:term":[{"taxonomy":"category","embeddable":true,"href":"https:\/\/www.todoeldia.com\/index.php\/wp-json\/wp\/v2\/categories?post=71242"},{"taxonomy":"post_tag","embeddable":true,"href":"https:\/\/www.todoeldia.com\/index.php\/wp-json\/wp\/v2\/tags?post=71242"}],"curies":[{"name":"wp","href":"https:\/\/api.w.org\/{rel}","templated":true}]}}