{"id":71256,"date":"2024-01-15T10:10:43","date_gmt":"2024-01-15T13:10:43","guid":{"rendered":"https:\/\/www.todoeldia.com\/?p=71256"},"modified":"2024-01-15T10:10:43","modified_gmt":"2024-01-15T13:10:43","slug":"estamos-salvados-el-papa-francisco-recibio-a-alberto-fernandez-y-a-su-hijo-en-roma","status":"publish","type":"post","link":"https:\/\/www.todoeldia.com\/index.php\/2024\/01\/15\/estamos-salvados-el-papa-francisco-recibio-a-alberto-fernandez-y-a-su-hijo-en-roma\/","title":{"rendered":"\u00a1Estamos salvados! El papa Francisco recibi\u00f3 a Alberto Fern\u00e1ndez y a su hijo en Roma"},"content":{"rendered":"\n<p>El ex presidente asegur\u00f3 que le agradeci\u00f3 por todo lo que hizo por los argentinos durante su gobierno.<\/p>\n\n\n\n<p>El papa Francisco recibi\u00f3 al ex presidente Alberto Fern\u00e1ndez en el Vaticano, luego de su salida del Poder Ejecutivo nacional y mientras se encuentra residiendo en Europa.<\/p>\n\n\n\n<p>Fue el primer encuentro de ambos tras casi tres a\u00f1os sin verse y tuvo lugar en la Biblioteca Privada del segundo piso del Palacio Apost\u00f3lico.<\/p>\n\n\n\n<p>&#8220;Hoy visit\u00e9 a nuestro querido Papa Francisco @Pontifex_es para agradecerle todo lo que ayud\u00f3 y ayuda a la Argentina. Tuve la dicha de poder escuchar una vez m\u00e1s con humildad sus valiosas reflexiones sobre el presente de nuestro mundo&#8221;, sostuvo Fern\u00e1ndez en su cuenta de la red social X.<\/p>\n\n\n\n<p>Junto a una fotograf\u00eda en la que se los ve a ambos junto a Francisco, su hijo menor, el ex mandatario explic\u00f3 que no viaj\u00f3 con su pareja Fabiola Ya\u00f1ez porque &#8220;el s\u00e1bado fue intervenida quir\u00fargicamente por una apendicitis&#8221; y se encuentra en recuperaci\u00f3n.<\/p>\n","protected":false},"excerpt":{"rendered":"<p>El ex presidente asegur\u00f3 que le agradeci\u00f3 por todo lo que hizo por los argentinos durante su gobierno. El papa Francisco recibi\u00f3 al ex presidente Alberto Fern\u00e1ndez en el Vaticano, luego de su salida del Poder Ejecutivo nacional y mientras se encuentra residiendo en Europa. Fue el primer encuentro de ambos tras casi tres a\u00f1os [&hellip;]<\/p>\n","protected":false},"author":2,"featured_media":71257,"comment_status":"open","ping_status":"open","sticky":false,"template":"","format":"standard","meta":{"tdm_status":"","tdm_grid_status":"","_joinchat":[],"footnotes":""},"categories":[59],"tags":[],"class_list":{"0":"post-71256","1":"post","2":"type-post","3":"status-publish","4":"format-standard","5":"has-post-thumbnail","7":"category-politica"},"amp_enabled":true,"_links":{"self":[{"href":"https:\/\/www.todoeldia.com\/index.php\/wp-json\/wp\/v2\/posts\/71256","targetHints":{"allow":["GET"]}}],"collection":[{"href":"https:\/\/www.todoeldia.com\/index.php\/wp-json\/wp\/v2\/posts"}],"about":[{"href":"https:\/\/www.todoeldia.com\/index.php\/wp-json\/wp\/v2\/types\/post"}],"author":[{"embeddable":true,"href":"https:\/\/www.todoeldia.com\/index.php\/wp-json\/wp\/v2\/users\/2"}],"replies":[{"embeddable":true,"href":"https:\/\/www.todoeldia.com\/index.php\/wp-json\/wp\/v2\/comments?post=71256"}],"version-history":[{"count":1,"href":"https:\/\/www.todoeldia.com\/index.php\/wp-json\/wp\/v2\/posts\/71256\/revisions"}],"predecessor-version":[{"id":71258,"href":"https:\/\/www.todoeldia.com\/index.php\/wp-json\/wp\/v2\/posts\/71256\/revisions\/71258"}],"wp:featuredmedia":[{"embeddable":true,"href":"https:\/\/www.todoeldia.com\/index.php\/wp-json\/wp\/v2\/media\/71257"}],"wp:attachment":[{"href":"https:\/\/www.todoeldia.com\/index.php\/wp-json\/wp\/v2\/media?parent=71256"}],"wp:term":[{"taxonomy":"category","embeddable":true,"href":"https:\/\/www.todoeldia.com\/index.php\/wp-json\/wp\/v2\/categories?post=71256"},{"taxonomy":"post_tag","embeddable":true,"href":"https:\/\/www.todoeldia.com\/index.php\/wp-json\/wp\/v2\/tags?post=71256"}],"curies":[{"name":"wp","href":"https:\/\/api.w.org\/{rel}","templated":true}]}}