{"id":71267,"date":"2024-01-15T10:25:18","date_gmt":"2024-01-15T13:25:18","guid":{"rendered":"https:\/\/www.todoeldia.com\/?p=71267"},"modified":"2024-01-15T10:25:18","modified_gmt":"2024-01-15T13:25:18","slug":"40-dias-de-carcel-para-un-sujeto-que-intento-robar-un-medidor-de-agua","status":"publish","type":"post","link":"https:\/\/www.todoeldia.com\/index.php\/2024\/01\/15\/40-dias-de-carcel-para-un-sujeto-que-intento-robar-un-medidor-de-agua\/","title":{"rendered":"40 d\u00edas de c\u00e1rcel para un sujeto que intent\u00f3 robar un medidor de agua"},"content":{"rendered":"\n<p>En una audiencia flexible y multiprop\u00f3sito del Plan Piloto de Oralidad fijada por la Oficina de Gesti\u00f3n Judicial de Garant\u00edas (OfiJu) se acord\u00f3 un juicio abreviado en el que un sujeto de 23 a\u00f1os fue condenado a un mes y diez d\u00edas de prisi\u00f3n efectiva.<\/p>\n\n\n\n<p>El juez Federico Javier Armi\u00f1ana, a cargo del Juzgado de Garant\u00edas de Quinta Nominaci\u00f3n en feria, lo encontr\u00f3 autor material y penalmente responsable del delito de robo simple en grado de tentativa.<\/p>\n\n\n\n<p>El juez revoc\u00f3 la condicionalidad de una condena anterior del imputado y unific\u00f3 ambas penas en el monto de cuatro meses y diez d\u00edas de prisi\u00f3n efectiva. Orden\u00f3 el inmediato traslado del sujeto a la Unidad Carcelaria 1.<\/p>\n\n\n\n<p>El imputado fue condenado por un hecho ocurrido la madrugada del 25 de noviembre de 2023. El denunciante relat\u00f3 que se encontraba durmiendo en su domicilio de barrio Fraternidad cuando vecinos le avisaron que hab\u00edan demorado a un hombre que le hab\u00eda robado el medidor de agua. Personal policial procedi\u00f3 a la demora del sujeto.<\/p>\n","protected":false},"excerpt":{"rendered":"<p>En una audiencia flexible y multiprop\u00f3sito del Plan Piloto de Oralidad fijada por la Oficina de Gesti\u00f3n Judicial de Garant\u00edas (OfiJu) se acord\u00f3 un juicio abreviado en el que un sujeto de 23 a\u00f1os fue condenado a un mes y diez d\u00edas de prisi\u00f3n efectiva. El juez Federico Javier Armi\u00f1ana, a cargo del Juzgado de [&hellip;]<\/p>\n","protected":false},"author":2,"featured_media":66181,"comment_status":"open","ping_status":"open","sticky":false,"template":"","format":"standard","meta":{"tdm_status":"","tdm_grid_status":"","_joinchat":[],"footnotes":""},"categories":[63],"tags":[],"class_list":{"0":"post-71267","1":"post","2":"type-post","3":"status-publish","4":"format-standard","5":"has-post-thumbnail","7":"category-policiales"},"amp_enabled":true,"_links":{"self":[{"href":"https:\/\/www.todoeldia.com\/index.php\/wp-json\/wp\/v2\/posts\/71267","targetHints":{"allow":["GET"]}}],"collection":[{"href":"https:\/\/www.todoeldia.com\/index.php\/wp-json\/wp\/v2\/posts"}],"about":[{"href":"https:\/\/www.todoeldia.com\/index.php\/wp-json\/wp\/v2\/types\/post"}],"author":[{"embeddable":true,"href":"https:\/\/www.todoeldia.com\/index.php\/wp-json\/wp\/v2\/users\/2"}],"replies":[{"embeddable":true,"href":"https:\/\/www.todoeldia.com\/index.php\/wp-json\/wp\/v2\/comments?post=71267"}],"version-history":[{"count":1,"href":"https:\/\/www.todoeldia.com\/index.php\/wp-json\/wp\/v2\/posts\/71267\/revisions"}],"predecessor-version":[{"id":71268,"href":"https:\/\/www.todoeldia.com\/index.php\/wp-json\/wp\/v2\/posts\/71267\/revisions\/71268"}],"wp:featuredmedia":[{"embeddable":true,"href":"https:\/\/www.todoeldia.com\/index.php\/wp-json\/wp\/v2\/media\/66181"}],"wp:attachment":[{"href":"https:\/\/www.todoeldia.com\/index.php\/wp-json\/wp\/v2\/media?parent=71267"}],"wp:term":[{"taxonomy":"category","embeddable":true,"href":"https:\/\/www.todoeldia.com\/index.php\/wp-json\/wp\/v2\/categories?post=71267"},{"taxonomy":"post_tag","embeddable":true,"href":"https:\/\/www.todoeldia.com\/index.php\/wp-json\/wp\/v2\/tags?post=71267"}],"curies":[{"name":"wp","href":"https:\/\/api.w.org\/{rel}","templated":true}]}}