{"id":71273,"date":"2024-01-15T10:42:19","date_gmt":"2024-01-15T13:42:19","guid":{"rendered":"https:\/\/www.todoeldia.com\/?p=71273"},"modified":"2024-01-15T10:42:19","modified_gmt":"2024-01-15T13:42:19","slug":"volvio-a-atacar-el-puma-de-tastil-mato-7-cabras-y-corderos-en-un-corral","status":"publish","type":"post","link":"https:\/\/www.todoeldia.com\/index.php\/2024\/01\/15\/volvio-a-atacar-el-puma-de-tastil-mato-7-cabras-y-corderos-en-un-corral\/","title":{"rendered":"Volvi\u00f3 a atacar el puma de Tastil: mat\u00f3 7 cabras y corderos en un corral"},"content":{"rendered":"\n<p>Esta vez acab\u00f3 con las cabras y corderos de una familia y atac\u00f3 a un pastor que arreaba vacas en los cerros, quien logr\u00f3 huir del felino. Los lugare\u00f1os de la Quebrada del Toro piden que intervenga la polic\u00eda rural, ya que temen por su seguridad.<\/p>\n\n\n\n<p>La madrugada del s\u00e1bado pasado la familia Ger\u00f3n encontr\u00f3 un desolador panorama en sus corrales de paraje La Quesera, en Santa Rosa de Tastil. Hallaron 7 de sus cabras y corderos muertos, debido al ataque de un puma que lleva meses saqueando el ganado de los lugare\u00f1os de la zona.<\/p>\n\n\n\n<p>El animal ronda a los pobladores desde mayo del a\u00f1o pasado y lleva alrededor de 70 animales muertos en ocho diferentes ataques en paraje La Quesera arriba, La Quesera abajo, Huaicondo, Puerta de Tastil y Las Cuevas. La situaci\u00f3n se agrava ya que este fin de semana el puma tambi\u00e9n atac\u00f3 a un hombre que se encontraba arreando vacas, quien milagrosamente logr\u00f3 huir y no result\u00f3 lesionado.<\/p>\n\n\n\n<p>&#8220;Por las noches tenemos que dormir afuera en la puerta del corral y con el fuego encendido para tratar de salvar el ganado, tenemos miedo&#8221;, relataron en la comisar\u00eda 7 de Campo Quijano, donde qued\u00f3 radicada la denuncia y se pidi\u00f3 que intervenga la Divisi\u00f3n de Polic\u00eda Rural y Ambiental.<\/p>\n\n\n\n<p>Con el \u00faltimo ataque los pastores temen por su seguridad y recalcan que en la zona viven de la crianza de sus animales, siendo su \u00fanico sustento econ\u00f3mico.<\/p>\n\n\n\n<p>La Llave del Portal<\/p>\n","protected":false},"excerpt":{"rendered":"<p>Esta vez acab\u00f3 con las cabras y corderos de una familia y atac\u00f3 a un pastor que arreaba vacas en los cerros, quien logr\u00f3 huir del felino. Los lugare\u00f1os de la Quebrada del Toro piden que intervenga la polic\u00eda rural, ya que temen por su seguridad. La madrugada del s\u00e1bado pasado la familia Ger\u00f3n encontr\u00f3 [&hellip;]<\/p>\n","protected":false},"author":2,"featured_media":71274,"comment_status":"open","ping_status":"open","sticky":false,"template":"","format":"standard","meta":{"tdm_status":"","tdm_grid_status":"","_joinchat":[],"footnotes":""},"categories":[63],"tags":[],"class_list":{"0":"post-71273","1":"post","2":"type-post","3":"status-publish","4":"format-standard","5":"has-post-thumbnail","7":"category-policiales"},"amp_enabled":true,"_links":{"self":[{"href":"https:\/\/www.todoeldia.com\/index.php\/wp-json\/wp\/v2\/posts\/71273","targetHints":{"allow":["GET"]}}],"collection":[{"href":"https:\/\/www.todoeldia.com\/index.php\/wp-json\/wp\/v2\/posts"}],"about":[{"href":"https:\/\/www.todoeldia.com\/index.php\/wp-json\/wp\/v2\/types\/post"}],"author":[{"embeddable":true,"href":"https:\/\/www.todoeldia.com\/index.php\/wp-json\/wp\/v2\/users\/2"}],"replies":[{"embeddable":true,"href":"https:\/\/www.todoeldia.com\/index.php\/wp-json\/wp\/v2\/comments?post=71273"}],"version-history":[{"count":1,"href":"https:\/\/www.todoeldia.com\/index.php\/wp-json\/wp\/v2\/posts\/71273\/revisions"}],"predecessor-version":[{"id":71275,"href":"https:\/\/www.todoeldia.com\/index.php\/wp-json\/wp\/v2\/posts\/71273\/revisions\/71275"}],"wp:featuredmedia":[{"embeddable":true,"href":"https:\/\/www.todoeldia.com\/index.php\/wp-json\/wp\/v2\/media\/71274"}],"wp:attachment":[{"href":"https:\/\/www.todoeldia.com\/index.php\/wp-json\/wp\/v2\/media?parent=71273"}],"wp:term":[{"taxonomy":"category","embeddable":true,"href":"https:\/\/www.todoeldia.com\/index.php\/wp-json\/wp\/v2\/categories?post=71273"},{"taxonomy":"post_tag","embeddable":true,"href":"https:\/\/www.todoeldia.com\/index.php\/wp-json\/wp\/v2\/tags?post=71273"}],"curies":[{"name":"wp","href":"https:\/\/api.w.org\/{rel}","templated":true}]}}