{"id":71292,"date":"2024-01-15T14:59:07","date_gmt":"2024-01-15T17:59:07","guid":{"rendered":"https:\/\/www.todoeldia.com\/?p=71292"},"modified":"2024-01-15T15:03:46","modified_gmt":"2024-01-15T18:03:46","slug":"telefono-para-la-diputada-nacional-por-salta-emilia-orozco-hay-que-hablar-conociendo-el-tema","status":"publish","type":"post","link":"https:\/\/www.todoeldia.com\/index.php\/2024\/01\/15\/telefono-para-la-diputada-nacional-por-salta-emilia-orozco-hay-que-hablar-conociendo-el-tema\/","title":{"rendered":"Tel\u00e9fono para la diputada nacional por Salta, Emilia Orozco: hay que hablar conociendo el tema"},"content":{"rendered":"\n<p>El Ministerio P\u00fablico Fiscal, en el marco de las previsiones del Art. 263 del C\u00f3digo Procesal Penal, aclara informaci\u00f3n incorrecta que fuera divulgada los \u00faltimos d\u00edas.<\/p>\n\n\n\n<p>En el marco del plenario de Comisiones de la C\u00e1mara de Diputados de la Naci\u00f3n, que se realiza por el debate de la Ley \u00d3mnibus impulsada por el Ejecutivo Nacional, la legisladora Emilia Orozco se refiri\u00f3 de manera err\u00f3nea a una causa judicial tramitada en la justicia provincial y donde se encuentran con condena los autores materiales e intelectuales.<\/p>\n\n\n\n<p>El procurador general de la provincia de Salta, Pedro Garc\u00eda Castiella, ante la divulgaci\u00f3n de informaci\u00f3n err\u00f3nea y que no se corresponde con los tr\u00e1mites cumplidos y en el marco de las facultades que lo asisten, considera oportuno realizar aclaraciones ante los dichos de la diputada nacional por Salta, Emilia Orozco en relaci\u00f3n al caso Liliana Ledesma.<\/p>\n\n\n\n<figure class=\"wp-block-image size-large is-resized\"><img loading=\"lazy\" decoding=\"async\" width=\"1024\" height=\"683\" src=\"https:\/\/www.todoeldia.com\/wp-content\/uploads\/2021\/04\/liliana-ledesma-1024x683.jpg\" alt=\"\" class=\"wp-image-21922\" style=\"width:1068px;height:auto\" srcset=\"https:\/\/www.todoeldia.com\/wp-content\/uploads\/2021\/04\/liliana-ledesma-1024x683.jpg 1024w, https:\/\/www.todoeldia.com\/wp-content\/uploads\/2021\/04\/liliana-ledesma-300x200.jpg 300w, https:\/\/www.todoeldia.com\/wp-content\/uploads\/2021\/04\/liliana-ledesma-768x512.jpg 768w, https:\/\/www.todoeldia.com\/wp-content\/uploads\/2021\/04\/liliana-ledesma-1536x1024.jpg 1536w, https:\/\/www.todoeldia.com\/wp-content\/uploads\/2021\/04\/liliana-ledesma-696x464.jpg 696w, https:\/\/www.todoeldia.com\/wp-content\/uploads\/2021\/04\/liliana-ledesma-1068x712.jpg 1068w, https:\/\/www.todoeldia.com\/wp-content\/uploads\/2021\/04\/liliana-ledesma-630x420.jpg 630w, https:\/\/www.todoeldia.com\/wp-content\/uploads\/2021\/04\/liliana-ledesma.jpg 1920w\" sizes=\"auto, (max-width: 1024px) 100vw, 1024px\" \/><\/figure>\n\n\n\n<p>Destaca adem\u00e1s que la causa penal que investig\u00f3 la justicia de la provincia de Salta por la muerte violenta de la productora rural Liliana Ledesma fue calificada como delito de homicidio calificado por alevos\u00eda y por el concurso premeditado de dos o m\u00e1s personas, descartando que se tratara de una situaci\u00f3n de trata de personas, como afirm\u00f3 en el plenario la Legisladora por La Libertad Avanza.<\/p>\n\n\n\n<p>En este contexto se someti\u00f3 a juicio en primer lugar a quienes se consideraban autores materiales del hecho y con sentencia firme del a\u00f1o 2010 de la Corte de Justicia se conden\u00f3\u00a0 -conforme lo solicitado por el M.P.F. y la querella entonces interviniente- a Mar\u00eda Gabriela Aparicio, An\u00edbal Ceferino T\u00e1rraga, Lino Ademar Moreno (pr\u00f3fugo) y a Casimiro (\u201cNene\u201d) Torres a la pena de prisi\u00f3n perpetua y a Patricia Guerra, a la pena de diez a\u00f1os de prisi\u00f3n y Juan Moreno por encubrimiento a la pena de cuatro a\u00f1os de prisi\u00f3n efectiva.<\/p>\n\n\n\n<figure class=\"wp-block-image size-large is-resized\"><img loading=\"lazy\" decoding=\"async\" width=\"1024\" height=\"512\" src=\"https:\/\/www.todoeldia.com\/wp-content\/uploads\/2021\/05\/los-hermanos-castedo-1024x512.jpg\" alt=\"\" class=\"wp-image-22612\" style=\"width:1069px;height:auto\" srcset=\"https:\/\/www.todoeldia.com\/wp-content\/uploads\/2021\/05\/los-hermanos-castedo-1024x512.jpg 1024w, https:\/\/www.todoeldia.com\/wp-content\/uploads\/2021\/05\/los-hermanos-castedo-300x150.jpg 300w, https:\/\/www.todoeldia.com\/wp-content\/uploads\/2021\/05\/los-hermanos-castedo-768x384.jpg 768w, https:\/\/www.todoeldia.com\/wp-content\/uploads\/2021\/05\/los-hermanos-castedo-1536x768.jpg 1536w, https:\/\/www.todoeldia.com\/wp-content\/uploads\/2021\/05\/los-hermanos-castedo-696x348.jpg 696w, https:\/\/www.todoeldia.com\/wp-content\/uploads\/2021\/05\/los-hermanos-castedo-1068x534.jpg 1068w, https:\/\/www.todoeldia.com\/wp-content\/uploads\/2021\/05\/los-hermanos-castedo-840x420.jpg 840w, https:\/\/www.todoeldia.com\/wp-content\/uploads\/2021\/05\/los-hermanos-castedo.jpg 1900w\" sizes=\"auto, (max-width: 1024px) 100vw, 1024px\" \/><figcaption class=\"wp-element-caption\">Los hermanos Castedo<\/figcaption><\/figure>\n\n\n\n<p>En segundo lugar, y luego de varias postergaciones, en septiembre de 2023 finalmente se pudo realizar en Or\u00e1n el juicio a los hermanos Delf\u00edn Reynaldo Castedo y Ra\u00fal Amadeo \u201cHula\u201d Castedo como autores intelectuales del crimen y el pasado 3 de noviembre, la Sala I del Tribunal de Juicio de ese distrito, conden\u00f3 a los hermanos a la pena de prisi\u00f3n perpetua por el hecho.<\/p>\n\n\n\n<p>Garc\u00eda Castiella fue enf\u00e1tico en resaltar la pol\u00edtica criminal adoptada por el Ministerio P\u00fablico Fiscal en la lucha contra el Narcotr\u00e1fico y el Crimen Organizado y todas las consecuencias que producir\u00eda en el territorio provincial. En tal sentido, se realizaron acciones concretas como la creaci\u00f3n de la Unidad Especial de Investigaci\u00f3n para Or\u00e1n y Tartagal y la puesta en funcionamiento de la Unidad Fiscal de Litigio Estrat\u00e9gico contra el Crimen Organizado para la Investigaci\u00f3n de Casos Graves ocurridos en el Norte de la Provincia.<\/p>\n\n\n\n<p>En el marco de las acciones necesarias para evitar que la narcocriminalidad se instale en la zona norte de la provincia y produzca consecuencias negativas en la sociedad, como la comisi\u00f3n de hechos il\u00edcitos de diferente naturaleza, se realiza un trabajo continuo, intensivo y con reconocida valent\u00eda por parte de los y las fiscales intervinientes,&nbsp; y se produjeron importantes avances, como lo fue la detenci\u00f3n de Cristian \u201cEl Gringo\u201d Palavecino, quien se encontraba pr\u00f3fugo y fue detenido e imputado por diversos hechos il\u00edcitos vinculados al crimen organizado en la zona de frontera; como as\u00ed tambi\u00e9n se encuentran privados de la libertad la mayor cantidad de los hasta ahora visibilizados y sospechados de alg\u00fan grado de pertenencia al crimen organizado.<\/p>\n\n\n\n<p>Tambi\u00e9n otro accionar de singular relevancia para el combate del flagelo del crimen organizado ha sido el accionar&nbsp; desplegado por la unidad conjunta de UNIDADES DE DELITOS ECONOMICOS Y UFINAR para desmantelar la red de corrupci\u00f3n carcelaria; punto sensible si los hay, para la lucha contra el narcotr\u00e1fico y las c\u00e1rceles; actualmente se encuentra tramit\u00e1ndose la instancia de apelaci\u00f3n en contra de la medida judicial que les otorgara detenciones domiciliarias a los imputados por el riesgo que ello impone al avance de la totalidad de la investigaci\u00f3n, y tramit\u00e1ndose paralelamente las investigaciones por amenazas de muerte a las autoridades del Servicio Penitenciario Provincial.<\/p>\n\n\n\n<p>Otra tarea prioritaria que se cumple es lograr la recaptura de Lino Ademar Moreno, acusado de ser el autor material del homicidio de Liliana Ledesma, quien se encuentra pr\u00f3fugo desde el pasado mes de julio, cuando no regres\u00f3 a la unidad carcelaria luego de una salida transitoria.<\/p>\n\n\n\n<p>Finalmente, cabe recordar que el procurador Garc\u00eda Castiella en este contexto, el pasado 28 de septiembre, en ejercicio de las facultades que la Constituci\u00f3n y la Ley le confieren, acus\u00f3 ante el Tribunal de Enjuiciamiento de Magistrados al juez Edgardo Laurenci por considerar que su actuar constituy\u00f3 mal desempe\u00f1o e incumpli\u00f3 sus deberes como magistrado jurisdiccional, en relaci\u00f3n con la fuga de Lino Ademar Moreno, solicitando su destituci\u00f3n.<\/p>\n\n\n\n<figure class=\"wp-block-image size-full is-resized\"><img loading=\"lazy\" decoding=\"async\" width=\"929\" height=\"523\" src=\"https:\/\/www.todoeldia.com\/wp-content\/uploads\/2024\/01\/ledesma-juz-asesino.jpg\" alt=\"\" class=\"wp-image-71296\" style=\"width:1068px;height:auto\" srcset=\"https:\/\/www.todoeldia.com\/wp-content\/uploads\/2024\/01\/ledesma-juz-asesino.jpg 929w, https:\/\/www.todoeldia.com\/wp-content\/uploads\/2024\/01\/ledesma-juz-asesino-300x169.jpg 300w, https:\/\/www.todoeldia.com\/wp-content\/uploads\/2024\/01\/ledesma-juz-asesino-768x432.jpg 768w, https:\/\/www.todoeldia.com\/wp-content\/uploads\/2024\/01\/ledesma-juz-asesino-696x392.jpg 696w, https:\/\/www.todoeldia.com\/wp-content\/uploads\/2024\/01\/ledesma-juz-asesino-746x420.jpg 746w\" sizes=\"auto, (max-width: 929px) 100vw, 929px\" \/><\/figure>\n\n\n\n<p><strong>Liliana Ledesma, el juez Edgardo Laurenci y el asesino pr\u00f3fugo Lino Ademar Moreno<\/strong><\/p>\n\n\n\n<p>La Procuraci\u00f3n General de la Provincia, saluda con benepl\u00e1cito la preocupaci\u00f3n de todos los sectores de la sociedad civil y el arco pol\u00edtico en general, en la visibilizaci\u00f3n y puesta en pr\u00e1ctica de todas las medidas y acciones que resulten necesarias para impedir el avance del crimen organizado, esfuerzo que debe estar enraizado en una l\u00f3gica de inter\u00e9s com\u00fan y n\u00facleo b\u00e1sico de coincidencias, y disgregado por tanto de la agonalidad discursiva, m\u00e1s a\u00fan cuando se esgrimen argumentos imprecisos.<\/p>\n","protected":false},"excerpt":{"rendered":"<p>El Ministerio P\u00fablico Fiscal, en el marco de las previsiones del Art. 263 del C\u00f3digo Procesal Penal, aclara informaci\u00f3n incorrecta que fuera divulgada los \u00faltimos d\u00edas. En el marco del plenario de Comisiones de la C\u00e1mara de Diputados de la Naci\u00f3n, que se realiza por el debate de la Ley \u00d3mnibus impulsada por el Ejecutivo [&hellip;]<\/p>\n","protected":false},"author":2,"featured_media":71293,"comment_status":"open","ping_status":"open","sticky":false,"template":"","format":"standard","meta":{"tdm_status":"","tdm_grid_status":"","_joinchat":[],"footnotes":""},"categories":[59],"tags":[],"class_list":{"0":"post-71292","1":"post","2":"type-post","3":"status-publish","4":"format-standard","5":"has-post-thumbnail","7":"category-politica"},"amp_enabled":true,"_links":{"self":[{"href":"https:\/\/www.todoeldia.com\/index.php\/wp-json\/wp\/v2\/posts\/71292","targetHints":{"allow":["GET"]}}],"collection":[{"href":"https:\/\/www.todoeldia.com\/index.php\/wp-json\/wp\/v2\/posts"}],"about":[{"href":"https:\/\/www.todoeldia.com\/index.php\/wp-json\/wp\/v2\/types\/post"}],"author":[{"embeddable":true,"href":"https:\/\/www.todoeldia.com\/index.php\/wp-json\/wp\/v2\/users\/2"}],"replies":[{"embeddable":true,"href":"https:\/\/www.todoeldia.com\/index.php\/wp-json\/wp\/v2\/comments?post=71292"}],"version-history":[{"count":2,"href":"https:\/\/www.todoeldia.com\/index.php\/wp-json\/wp\/v2\/posts\/71292\/revisions"}],"predecessor-version":[{"id":71297,"href":"https:\/\/www.todoeldia.com\/index.php\/wp-json\/wp\/v2\/posts\/71292\/revisions\/71297"}],"wp:featuredmedia":[{"embeddable":true,"href":"https:\/\/www.todoeldia.com\/index.php\/wp-json\/wp\/v2\/media\/71293"}],"wp:attachment":[{"href":"https:\/\/www.todoeldia.com\/index.php\/wp-json\/wp\/v2\/media?parent=71292"}],"wp:term":[{"taxonomy":"category","embeddable":true,"href":"https:\/\/www.todoeldia.com\/index.php\/wp-json\/wp\/v2\/categories?post=71292"},{"taxonomy":"post_tag","embeddable":true,"href":"https:\/\/www.todoeldia.com\/index.php\/wp-json\/wp\/v2\/tags?post=71292"}],"curies":[{"name":"wp","href":"https:\/\/api.w.org\/{rel}","templated":true}]}}