{"id":71298,"date":"2024-01-15T15:08:08","date_gmt":"2024-01-15T18:08:08","guid":{"rendered":"https:\/\/www.todoeldia.com\/?p=71298"},"modified":"2024-01-15T15:08:08","modified_gmt":"2024-01-15T18:08:08","slug":"le-quiso-entregar-a-un-preso-en-pichanal-cocaina-un-cargador-y-un-destornillador","status":"publish","type":"post","link":"https:\/\/www.todoeldia.com\/index.php\/2024\/01\/15\/le-quiso-entregar-a-un-preso-en-pichanal-cocaina-un-cargador-y-un-destornillador\/","title":{"rendered":"Le quiso entregar a un preso en Pichanal coca\u00edna, un cargador y un destornillador"},"content":{"rendered":"\n<p>El acusado hab\u00eda ingresado de manera ilegal a un sector del canch\u00f3n municipal e intentaba ingresar al sector de las celdas envoltorios con coca\u00edna, un destornillador y un cargador de celular.<\/p>\n\n\n\n<p>La fiscal penal de Pichanal en feria, Mar\u00eda Sof\u00eda Fuentes, imput\u00f3 de forma provisional a un hombre de 26 a\u00f1os como autor del delito de tentativa de facilitaci\u00f3n de estupefacientes a t\u00edtulo gratuito para consumo personal agravada por ser cometida en un lugar de detenci\u00f3n.<\/p>\n\n\n\n<p>El hecho investigado ocurri\u00f3 en esa ciudad el pasado 10 de enero por la noche, cuando personal policial advirti\u00f3 que un hombre ingres\u00f3 de manera clandestina al canch\u00f3n municipal de esa ciudad y en un sector que conecta con las celdas de la Comisar\u00eda 1, intent\u00f3 suministrarles tres envoltorios con coca\u00edna, un cargador y un destornillador a un preso.<\/p>\n\n\n\n<p>Tras la demora, fue imputado y desde la Fiscal\u00eda se solicit\u00f3 que permanezca detenido.<\/p>\n","protected":false},"excerpt":{"rendered":"<p>El acusado hab\u00eda ingresado de manera ilegal a un sector del canch\u00f3n municipal e intentaba ingresar al sector de las celdas envoltorios con coca\u00edna, un destornillador y un cargador de celular. La fiscal penal de Pichanal en feria, Mar\u00eda Sof\u00eda Fuentes, imput\u00f3 de forma provisional a un hombre de 26 a\u00f1os como autor del delito [&hellip;]<\/p>\n","protected":false},"author":2,"featured_media":37183,"comment_status":"open","ping_status":"open","sticky":false,"template":"","format":"standard","meta":{"tdm_status":"","tdm_grid_status":"","_joinchat":[],"footnotes":""},"categories":[63],"tags":[],"class_list":{"0":"post-71298","1":"post","2":"type-post","3":"status-publish","4":"format-standard","5":"has-post-thumbnail","7":"category-policiales"},"amp_enabled":true,"_links":{"self":[{"href":"https:\/\/www.todoeldia.com\/index.php\/wp-json\/wp\/v2\/posts\/71298","targetHints":{"allow":["GET"]}}],"collection":[{"href":"https:\/\/www.todoeldia.com\/index.php\/wp-json\/wp\/v2\/posts"}],"about":[{"href":"https:\/\/www.todoeldia.com\/index.php\/wp-json\/wp\/v2\/types\/post"}],"author":[{"embeddable":true,"href":"https:\/\/www.todoeldia.com\/index.php\/wp-json\/wp\/v2\/users\/2"}],"replies":[{"embeddable":true,"href":"https:\/\/www.todoeldia.com\/index.php\/wp-json\/wp\/v2\/comments?post=71298"}],"version-history":[{"count":1,"href":"https:\/\/www.todoeldia.com\/index.php\/wp-json\/wp\/v2\/posts\/71298\/revisions"}],"predecessor-version":[{"id":71299,"href":"https:\/\/www.todoeldia.com\/index.php\/wp-json\/wp\/v2\/posts\/71298\/revisions\/71299"}],"wp:featuredmedia":[{"embeddable":true,"href":"https:\/\/www.todoeldia.com\/index.php\/wp-json\/wp\/v2\/media\/37183"}],"wp:attachment":[{"href":"https:\/\/www.todoeldia.com\/index.php\/wp-json\/wp\/v2\/media?parent=71298"}],"wp:term":[{"taxonomy":"category","embeddable":true,"href":"https:\/\/www.todoeldia.com\/index.php\/wp-json\/wp\/v2\/categories?post=71298"},{"taxonomy":"post_tag","embeddable":true,"href":"https:\/\/www.todoeldia.com\/index.php\/wp-json\/wp\/v2\/tags?post=71298"}],"curies":[{"name":"wp","href":"https:\/\/api.w.org\/{rel}","templated":true}]}}