{"id":71309,"date":"2024-01-15T15:33:42","date_gmt":"2024-01-15T18:33:42","guid":{"rendered":"https:\/\/www.todoeldia.com\/?p=71309"},"modified":"2024-01-15T15:33:42","modified_gmt":"2024-01-15T18:33:42","slug":"en-lo-que-va-del-ano-la-municipalidad-secuestro-164-vehiculos-y-motocicletas","status":"publish","type":"post","link":"https:\/\/www.todoeldia.com\/index.php\/2024\/01\/15\/en-lo-que-va-del-ano-la-municipalidad-secuestro-164-vehiculos-y-motocicletas\/","title":{"rendered":"En lo que va del a\u00f1o la Municipalidad secuestro 164 veh\u00edculos y motocicletas"},"content":{"rendered":"\n<p>Se secuestraron 164 veh\u00edculos y motocicletas que fueron derivados al Canch\u00f3n Municipal en el marco de los diversos operativos desplegados para el ordenamiento del tr\u00e1nsito y la seguridad vial.<\/p>\n\n\n\n<p>La Municipalidad realiz\u00f3 a lo largo del primer mes de gesti\u00f3n, amplios operativos de controles y de fiscalizaci\u00f3n vehicular con el objetivo de contribuir a mejorar el ordenamiento del tr\u00e1nsito y bajar la siniestralidad vial que se registra en la ciudad.<\/p>\n\n\n\n<p>Desde el 11 de diciembre hasta el 10 de enero, los inspectores de la Secretar\u00eda de Tr\u00e1nsito y Seguridad Vial labraron un total de 4615 infracciones a conductores, entre las que sobresalen:<\/p>\n\n\n\n<p>-Casos positivos por alcoholemia<\/p>\n\n\n\n<p>-Falta de documentaci\u00f3n obligatoria para circular<\/p>\n\n\n\n<p>-Falta de casco en motociclistas<\/p>\n\n\n\n<p>-Falta pago de patentes<\/p>\n\n\n\n<p>-Falta de RTO<\/p>\n\n\n\n<p>-Estacionamiento en lugares prohibidos<\/p>\n\n\n\n<p>Como consecuencia de estas infracciones, se procedi\u00f3 al secuestro de un total de 165 veh\u00edculos y motos discriminadas de la siguiente manera:<\/p>\n\n\n\n<p>-46 autos<\/p>\n\n\n\n<p>-99 motos<\/p>\n\n\n\n<p>-14 camionetas<\/p>\n\n\n\n<p>-4 furgones<\/p>\n\n\n\n<p>-1 cami\u00f3n de mediano porte<\/p>\n","protected":false},"excerpt":{"rendered":"<p>Se secuestraron 164 veh\u00edculos y motocicletas que fueron derivados al Canch\u00f3n Municipal en el marco de los diversos operativos desplegados para el ordenamiento del tr\u00e1nsito y la seguridad vial. La Municipalidad realiz\u00f3 a lo largo del primer mes de gesti\u00f3n, amplios operativos de controles y de fiscalizaci\u00f3n vehicular con el objetivo de contribuir a mejorar [&hellip;]<\/p>\n","protected":false},"author":2,"featured_media":71310,"comment_status":"open","ping_status":"open","sticky":false,"template":"","format":"standard","meta":{"tdm_status":"","tdm_grid_status":"","_joinchat":[],"footnotes":""},"categories":[73],"tags":[],"class_list":{"0":"post-71309","1":"post","2":"type-post","3":"status-publish","4":"format-standard","5":"has-post-thumbnail","7":"category-noticias-general"},"amp_enabled":true,"_links":{"self":[{"href":"https:\/\/www.todoeldia.com\/index.php\/wp-json\/wp\/v2\/posts\/71309","targetHints":{"allow":["GET"]}}],"collection":[{"href":"https:\/\/www.todoeldia.com\/index.php\/wp-json\/wp\/v2\/posts"}],"about":[{"href":"https:\/\/www.todoeldia.com\/index.php\/wp-json\/wp\/v2\/types\/post"}],"author":[{"embeddable":true,"href":"https:\/\/www.todoeldia.com\/index.php\/wp-json\/wp\/v2\/users\/2"}],"replies":[{"embeddable":true,"href":"https:\/\/www.todoeldia.com\/index.php\/wp-json\/wp\/v2\/comments?post=71309"}],"version-history":[{"count":1,"href":"https:\/\/www.todoeldia.com\/index.php\/wp-json\/wp\/v2\/posts\/71309\/revisions"}],"predecessor-version":[{"id":71311,"href":"https:\/\/www.todoeldia.com\/index.php\/wp-json\/wp\/v2\/posts\/71309\/revisions\/71311"}],"wp:featuredmedia":[{"embeddable":true,"href":"https:\/\/www.todoeldia.com\/index.php\/wp-json\/wp\/v2\/media\/71310"}],"wp:attachment":[{"href":"https:\/\/www.todoeldia.com\/index.php\/wp-json\/wp\/v2\/media?parent=71309"}],"wp:term":[{"taxonomy":"category","embeddable":true,"href":"https:\/\/www.todoeldia.com\/index.php\/wp-json\/wp\/v2\/categories?post=71309"},{"taxonomy":"post_tag","embeddable":true,"href":"https:\/\/www.todoeldia.com\/index.php\/wp-json\/wp\/v2\/tags?post=71309"}],"curies":[{"name":"wp","href":"https:\/\/api.w.org\/{rel}","templated":true}]}}