{"id":71317,"date":"2024-01-15T19:55:54","date_gmt":"2024-01-15T22:55:54","guid":{"rendered":"https:\/\/www.todoeldia.com\/?p=71317"},"modified":"2024-01-15T19:55:55","modified_gmt":"2024-01-15T22:55:55","slug":"detuvieron-al-rengo-que-robaba-en-la-merced-y-cerrillos","status":"publish","type":"post","link":"https:\/\/www.todoeldia.com\/index.php\/2024\/01\/15\/detuvieron-al-rengo-que-robaba-en-la-merced-y-cerrillos\/","title":{"rendered":"Detuvieron al rengo que robaba en La Merced y Cerrillos"},"content":{"rendered":"\n<p>Los il\u00edcitos fueron cometidos en domicilios particulares a los que ingres\u00f3 violentando el acceso. Se solicit\u00f3 prisi\u00f3n preventiva.<\/p>\n\n\n\n<p>El fiscal penal de Cerrillos en feria, Federico Portal, imput\u00f3 de manera provisional a un hombre de 34 a\u00f1os por la presunta comisi\u00f3n del delito de robo simple (dos hechos) en concurso real.<\/p>\n\n\n\n<p>La ma\u00f1ana del 25 de diciembre de 2023, el acusado ingres\u00f3 al domicilio de una de las damnificadas, quien reside en la localidad de La Merced, y luego de forzar la cerradura de la ventana, habr\u00eda sustra\u00eddo de un mueble la suma de 170 mil pesos.<\/p>\n\n\n\n<p>Dos d\u00edas despu\u00e9s, en horas de la ma\u00f1ana, el hombre ingres\u00f3 al domicilio de una vecina de Loteo La Falta, en la localidad de Cerrillos y con id\u00e9ntica modalidad delictiva, habr\u00eda sustra\u00eddo ileg\u00edtimamente 100 mil pesos en efectivo, varios pares de zapatillas, una cadena de plata y un monitor.<\/p>\n\n\n\n<p>En ambos casos, todo qued\u00f3 captado por las c\u00e1maras de seguridad.<\/p>\n\n\n\n<p>De la inspecci\u00f3n ocular llevada a cabo por el Grupo Investigativo interviniente y tras entrevista realizada a una de las damnificadas, se logr\u00f3 individualizar al acusado, ya que utiliza pr\u00f3tesis en una de sus piernas, lo que provoca que se desplace con dificultad.<\/p>\n\n\n\n<p>Luego del raid delictivo, el acusado solicit\u00f3 a una vecina del lugar un remis, en el que se traslad\u00f3 hasta un domicilio de barrio Ceferino de Salta Capital.<\/p>\n\n\n\n<p>De acuerdo con una de las denunciantes, el acusado registra antecedentes penales.<\/p>\n\n\n\n<p>Durante la audiencia de imputaci\u00f3n, el acusado se abstuvo de declarar. Por su parte, el fiscal Portal solicit\u00f3 ante el Juzgado de Garant\u00edas en turno, la prisi\u00f3n preventiva.<\/p>\n","protected":false},"excerpt":{"rendered":"<p>Los il\u00edcitos fueron cometidos en domicilios particulares a los que ingres\u00f3 violentando el acceso. Se solicit\u00f3 prisi\u00f3n preventiva. El fiscal penal de Cerrillos en feria, Federico Portal, imput\u00f3 de manera provisional a un hombre de 34 a\u00f1os por la presunta comisi\u00f3n del delito de robo simple (dos hechos) en concurso real. La ma\u00f1ana del 25 [&hellip;]<\/p>\n","protected":false},"author":2,"featured_media":38413,"comment_status":"open","ping_status":"open","sticky":false,"template":"","format":"standard","meta":{"tdm_status":"","tdm_grid_status":"","_joinchat":[],"footnotes":""},"categories":[63],"tags":[],"class_list":{"0":"post-71317","1":"post","2":"type-post","3":"status-publish","4":"format-standard","5":"has-post-thumbnail","7":"category-policiales"},"amp_enabled":true,"_links":{"self":[{"href":"https:\/\/www.todoeldia.com\/index.php\/wp-json\/wp\/v2\/posts\/71317","targetHints":{"allow":["GET"]}}],"collection":[{"href":"https:\/\/www.todoeldia.com\/index.php\/wp-json\/wp\/v2\/posts"}],"about":[{"href":"https:\/\/www.todoeldia.com\/index.php\/wp-json\/wp\/v2\/types\/post"}],"author":[{"embeddable":true,"href":"https:\/\/www.todoeldia.com\/index.php\/wp-json\/wp\/v2\/users\/2"}],"replies":[{"embeddable":true,"href":"https:\/\/www.todoeldia.com\/index.php\/wp-json\/wp\/v2\/comments?post=71317"}],"version-history":[{"count":1,"href":"https:\/\/www.todoeldia.com\/index.php\/wp-json\/wp\/v2\/posts\/71317\/revisions"}],"predecessor-version":[{"id":71318,"href":"https:\/\/www.todoeldia.com\/index.php\/wp-json\/wp\/v2\/posts\/71317\/revisions\/71318"}],"wp:featuredmedia":[{"embeddable":true,"href":"https:\/\/www.todoeldia.com\/index.php\/wp-json\/wp\/v2\/media\/38413"}],"wp:attachment":[{"href":"https:\/\/www.todoeldia.com\/index.php\/wp-json\/wp\/v2\/media?parent=71317"}],"wp:term":[{"taxonomy":"category","embeddable":true,"href":"https:\/\/www.todoeldia.com\/index.php\/wp-json\/wp\/v2\/categories?post=71317"},{"taxonomy":"post_tag","embeddable":true,"href":"https:\/\/www.todoeldia.com\/index.php\/wp-json\/wp\/v2\/tags?post=71317"}],"curies":[{"name":"wp","href":"https:\/\/api.w.org\/{rel}","templated":true}]}}