{"id":71321,"date":"2024-01-15T20:30:43","date_gmt":"2024-01-15T23:30:43","guid":{"rendered":"https:\/\/www.todoeldia.com\/?p=71321"},"modified":"2024-01-15T20:33:57","modified_gmt":"2024-01-15T23:33:57","slug":"mas-de-2-mil-personas-fueron-atendidas-en-guardias-durante-el-fin-de-semana-en-salta","status":"publish","type":"post","link":"https:\/\/www.todoeldia.com\/index.php\/2024\/01\/15\/mas-de-2-mil-personas-fueron-atendidas-en-guardias-durante-el-fin-de-semana-en-salta\/","title":{"rendered":"M\u00e1s de 2 mil personas fueron atendidas en guardias durante el fin de semana en Salta"},"content":{"rendered":"\n<p>Durante el fin de semana, el Sistema de Asistencia M\u00e9dica para Emergencias y Cat\u00e1strofes (SAMEC) concret\u00f3 236 atenciones presenciales por diversos motivos, entre ellos, accidentes de tr\u00e1nsito, lesiones y agresiones, violencia familiar, heridos con arma blanca y personas con diferentes patolog\u00edas.<\/p>\n\n\n\n<p>Tambi\u00e9n, se realizaron dos traslados aerosanitarios, uno de ellos desde Tartagal a Salta y el otro desde Salta a Buenos Aires.<\/p>\n\n\n\n<p>Materno Infantil<\/p>\n\n\n\n<figure class=\"wp-block-image size-full is-resized\"><img loading=\"lazy\" decoding=\"async\" width=\"899\" height=\"600\" src=\"https:\/\/www.todoeldia.com\/wp-content\/uploads\/2022\/05\/hospital-materno-infantil1-1.jpg\" alt=\"\" class=\"wp-image-38713\" style=\"width:1068px;height:auto\" srcset=\"https:\/\/www.todoeldia.com\/wp-content\/uploads\/2022\/05\/hospital-materno-infantil1-1.jpg 899w, https:\/\/www.todoeldia.com\/wp-content\/uploads\/2022\/05\/hospital-materno-infantil1-1-300x200.jpg 300w, https:\/\/www.todoeldia.com\/wp-content\/uploads\/2022\/05\/hospital-materno-infantil1-1-768x513.jpg 768w, https:\/\/www.todoeldia.com\/wp-content\/uploads\/2022\/05\/hospital-materno-infantil1-1-696x465.jpg 696w, https:\/\/www.todoeldia.com\/wp-content\/uploads\/2022\/05\/hospital-materno-infantil1-1-629x420.jpg 629w\" sizes=\"auto, (max-width: 899px) 100vw, 899px\" \/><\/figure>\n\n\n\n<p>El hospital Materno Infantil report\u00f3, desde las 20 horas del viernes 12 de enero hasta las 8 del lunes 15, las siguientes novedades:<\/p>\n\n\n\n<p>En guardia de adultas se atendieron 218 pacientes, de las cuales 54 fueron hospitalizadas. Hubo 71 atenciones de obstetricia, 106 de ginecolog\u00eda y 37 de cl\u00ednica m\u00e9dica.<\/p>\n\n\n\n<p>En la guardia pedi\u00e1trica, ingresaron 723 pacientes, de los cuales 40 fueron hospitalizados. Entre las causas de urgencia se contabilizan 107 por patolog\u00edas respiratorias, 72 por traumatismos varios, 78 por gastroenteritis y 2 por mordedura de perro.<\/p>\n\n\n\n<p>San Bernardo<\/p>\n\n\n\n<figure class=\"wp-block-image size-full is-resized\"><img loading=\"lazy\" decoding=\"async\" width=\"900\" height=\"600\" src=\"https:\/\/www.todoeldia.com\/wp-content\/uploads\/2023\/02\/hospital-san-bernardo.jpeg\" alt=\"\" class=\"wp-image-53408\" style=\"width:1068px;height:auto\" srcset=\"https:\/\/www.todoeldia.com\/wp-content\/uploads\/2023\/02\/hospital-san-bernardo.jpeg 900w, https:\/\/www.todoeldia.com\/wp-content\/uploads\/2023\/02\/hospital-san-bernardo-300x200.jpeg 300w, https:\/\/www.todoeldia.com\/wp-content\/uploads\/2023\/02\/hospital-san-bernardo-768x512.jpeg 768w, https:\/\/www.todoeldia.com\/wp-content\/uploads\/2023\/02\/hospital-san-bernardo-696x464.jpeg 696w, https:\/\/www.todoeldia.com\/wp-content\/uploads\/2023\/02\/hospital-san-bernardo-630x420.jpeg 630w\" sizes=\"auto, (max-width: 900px) 100vw, 900px\" \/><\/figure>\n\n\n\n<p>En el hospital San Bernardo, desde las 8 del viernes 12, hasta las 8 del lunes 15, se atendieron por guardia 872 consultas.<\/p>\n\n\n\n<p>De los pacientes atendidos, 177 fueron hospitalizados.<\/p>\n\n\n\n<p>Hubo 79 personas accidentadas, de las cuales 19 fueron por siniestros de tr\u00e1nsito, todos en motocicleta.<\/p>\n\n\n\n<p>Tambi\u00e9n, entre las asistencias por guardia, se contabilizaron 50 pacientes derivados por otros centros sanitarios.<\/p>\n\n\n\n<p>Arturo O\u00f1ativia<\/p>\n\n\n\n<figure class=\"wp-block-image size-full is-resized\"><img loading=\"lazy\" decoding=\"async\" width=\"1000\" height=\"667\" src=\"https:\/\/www.todoeldia.com\/wp-content\/uploads\/2020\/07\/hospital-o\u00f1ativia.jpg\" alt=\"\" class=\"wp-image-1585\" style=\"width:1068px;height:auto\" srcset=\"https:\/\/www.todoeldia.com\/wp-content\/uploads\/2020\/07\/hospital-o\u00f1ativia.jpg 1000w, https:\/\/www.todoeldia.com\/wp-content\/uploads\/2020\/07\/hospital-o\u00f1ativia-300x200.jpg 300w, https:\/\/www.todoeldia.com\/wp-content\/uploads\/2020\/07\/hospital-o\u00f1ativia-768x512.jpg 768w, https:\/\/www.todoeldia.com\/wp-content\/uploads\/2020\/07\/hospital-o\u00f1ativia-696x464.jpg 696w, https:\/\/www.todoeldia.com\/wp-content\/uploads\/2020\/07\/hospital-o\u00f1ativia-630x420.jpg 630w\" sizes=\"auto, (max-width: 1000px) 100vw, 1000px\" \/><\/figure>\n\n\n\n<p>El hospital Dr. Arturo O\u00f1ativia atendi\u00f3 36 consultas por guardia de emergencia durante el s\u00e1bado y domingo, siendo las principales causas: infecci\u00f3n de v\u00edas urinarias, diarrea, dolor agudo y salmonelosis.<\/p>\n\n\n\n<p>Miguel Ragone<\/p>\n\n\n\n<figure class=\"wp-block-image size-full is-resized\"><img loading=\"lazy\" decoding=\"async\" width=\"886\" height=\"500\" src=\"https:\/\/www.todoeldia.com\/wp-content\/uploads\/2024\/01\/hospital-ragone.jpg\" alt=\"\" class=\"wp-image-71324\" style=\"width:1068px;height:auto\" srcset=\"https:\/\/www.todoeldia.com\/wp-content\/uploads\/2024\/01\/hospital-ragone.jpg 886w, https:\/\/www.todoeldia.com\/wp-content\/uploads\/2024\/01\/hospital-ragone-300x169.jpg 300w, https:\/\/www.todoeldia.com\/wp-content\/uploads\/2024\/01\/hospital-ragone-768x433.jpg 768w, https:\/\/www.todoeldia.com\/wp-content\/uploads\/2024\/01\/hospital-ragone-696x393.jpg 696w, https:\/\/www.todoeldia.com\/wp-content\/uploads\/2024\/01\/hospital-ragone-744x420.jpg 744w\" sizes=\"auto, (max-width: 886px) 100vw, 886px\" \/><\/figure>\n\n\n\n<p>Entre las 20 del viernes 12 de enero y las 8 del lunes 15, el servicio de guardia del hospital de salud mental Dr. Miguel Ragone atendi\u00f3 31 personas que requirieron asistencia psiqui\u00e1trica y psicol\u00f3gica de emergencia.<\/p>\n","protected":false},"excerpt":{"rendered":"<p>Durante el fin de semana, el Sistema de Asistencia M\u00e9dica para Emergencias y Cat\u00e1strofes (SAMEC) concret\u00f3 236 atenciones presenciales por diversos motivos, entre ellos, accidentes de tr\u00e1nsito, lesiones y agresiones, violencia familiar, heridos con arma blanca y personas con diferentes patolog\u00edas. Tambi\u00e9n, se realizaron dos traslados aerosanitarios, uno de ellos desde Tartagal a Salta y [&hellip;]<\/p>\n","protected":false},"author":2,"featured_media":6838,"comment_status":"open","ping_status":"open","sticky":false,"template":"","format":"standard","meta":{"tdm_status":"","tdm_grid_status":"","_joinchat":[],"footnotes":""},"categories":[73],"tags":[],"class_list":{"0":"post-71321","1":"post","2":"type-post","3":"status-publish","4":"format-standard","5":"has-post-thumbnail","7":"category-noticias-general"},"amp_enabled":true,"_links":{"self":[{"href":"https:\/\/www.todoeldia.com\/index.php\/wp-json\/wp\/v2\/posts\/71321","targetHints":{"allow":["GET"]}}],"collection":[{"href":"https:\/\/www.todoeldia.com\/index.php\/wp-json\/wp\/v2\/posts"}],"about":[{"href":"https:\/\/www.todoeldia.com\/index.php\/wp-json\/wp\/v2\/types\/post"}],"author":[{"embeddable":true,"href":"https:\/\/www.todoeldia.com\/index.php\/wp-json\/wp\/v2\/users\/2"}],"replies":[{"embeddable":true,"href":"https:\/\/www.todoeldia.com\/index.php\/wp-json\/wp\/v2\/comments?post=71321"}],"version-history":[{"count":2,"href":"https:\/\/www.todoeldia.com\/index.php\/wp-json\/wp\/v2\/posts\/71321\/revisions"}],"predecessor-version":[{"id":71325,"href":"https:\/\/www.todoeldia.com\/index.php\/wp-json\/wp\/v2\/posts\/71321\/revisions\/71325"}],"wp:featuredmedia":[{"embeddable":true,"href":"https:\/\/www.todoeldia.com\/index.php\/wp-json\/wp\/v2\/media\/6838"}],"wp:attachment":[{"href":"https:\/\/www.todoeldia.com\/index.php\/wp-json\/wp\/v2\/media?parent=71321"}],"wp:term":[{"taxonomy":"category","embeddable":true,"href":"https:\/\/www.todoeldia.com\/index.php\/wp-json\/wp\/v2\/categories?post=71321"},{"taxonomy":"post_tag","embeddable":true,"href":"https:\/\/www.todoeldia.com\/index.php\/wp-json\/wp\/v2\/tags?post=71321"}],"curies":[{"name":"wp","href":"https:\/\/api.w.org\/{rel}","templated":true}]}}