{"id":71329,"date":"2024-01-15T22:11:16","date_gmt":"2024-01-16T01:11:16","guid":{"rendered":"https:\/\/www.todoeldia.com\/?p=71329"},"modified":"2024-01-15T22:11:16","modified_gmt":"2024-01-16T01:11:16","slug":"persiguio-a-un-ladron-en-barrio-santa-ana-ii-y-lo-sometio-hasta-que-llego-la-policia","status":"publish","type":"post","link":"https:\/\/www.todoeldia.com\/index.php\/2024\/01\/15\/persiguio-a-un-ladron-en-barrio-santa-ana-ii-y-lo-sometio-hasta-que-llego-la-policia\/","title":{"rendered":"Persigui\u00f3 a un ladr\u00f3n en Barrio Santa Ana II y lo someti\u00f3 hasta que lleg\u00f3 la Polic\u00eda"},"content":{"rendered":"\n<p>La Polic\u00eda detuvo hoy a un joven que est\u00e1 vinculado a un robo con arma de fuego en Barrio Santa Ana II<\/p>\n\n\n\n<p>La actuaci\u00f3n de los efectivos se debi\u00f3 a un llamado al 911 que alertaba que cerca de la 1 de la madrugada dos hombres emprendieron la fuga tras un intento de robo mediante el uso de arma de fuego.<\/p>\n\n\n\n<p>Por la situaci\u00f3n, el progenitor del damnificado logr\u00f3 dar alcance a unos de los causantes y en al momento de la reducci\u00f3n el sujeto esgrimi\u00f3 un arma de fuego tipo revolver realizando maniobras amenazantes.<\/p>\n\n\n\n<p>En ese momento arribaron los uniformados y continuaron con el procedimiento, realizando la demora del joven de 18 a\u00f1os y el secuestro del arma, quedando a disposici\u00f3n de la Fiscal\u00eda Penal de la zona.<\/p>\n","protected":false},"excerpt":{"rendered":"<p>La Polic\u00eda detuvo hoy a un joven que est\u00e1 vinculado a un robo con arma de fuego en Barrio Santa Ana II La actuaci\u00f3n de los efectivos se debi\u00f3 a un llamado al 911 que alertaba que cerca de la 1 de la madrugada dos hombres emprendieron la fuga tras un intento de robo mediante [&hellip;]<\/p>\n","protected":false},"author":2,"featured_media":71330,"comment_status":"open","ping_status":"open","sticky":false,"template":"","format":"standard","meta":{"tdm_status":"","tdm_grid_status":"","_joinchat":[],"footnotes":""},"categories":[63],"tags":[],"class_list":{"0":"post-71329","1":"post","2":"type-post","3":"status-publish","4":"format-standard","5":"has-post-thumbnail","7":"category-policiales"},"amp_enabled":true,"_links":{"self":[{"href":"https:\/\/www.todoeldia.com\/index.php\/wp-json\/wp\/v2\/posts\/71329","targetHints":{"allow":["GET"]}}],"collection":[{"href":"https:\/\/www.todoeldia.com\/index.php\/wp-json\/wp\/v2\/posts"}],"about":[{"href":"https:\/\/www.todoeldia.com\/index.php\/wp-json\/wp\/v2\/types\/post"}],"author":[{"embeddable":true,"href":"https:\/\/www.todoeldia.com\/index.php\/wp-json\/wp\/v2\/users\/2"}],"replies":[{"embeddable":true,"href":"https:\/\/www.todoeldia.com\/index.php\/wp-json\/wp\/v2\/comments?post=71329"}],"version-history":[{"count":1,"href":"https:\/\/www.todoeldia.com\/index.php\/wp-json\/wp\/v2\/posts\/71329\/revisions"}],"predecessor-version":[{"id":71331,"href":"https:\/\/www.todoeldia.com\/index.php\/wp-json\/wp\/v2\/posts\/71329\/revisions\/71331"}],"wp:featuredmedia":[{"embeddable":true,"href":"https:\/\/www.todoeldia.com\/index.php\/wp-json\/wp\/v2\/media\/71330"}],"wp:attachment":[{"href":"https:\/\/www.todoeldia.com\/index.php\/wp-json\/wp\/v2\/media?parent=71329"}],"wp:term":[{"taxonomy":"category","embeddable":true,"href":"https:\/\/www.todoeldia.com\/index.php\/wp-json\/wp\/v2\/categories?post=71329"},{"taxonomy":"post_tag","embeddable":true,"href":"https:\/\/www.todoeldia.com\/index.php\/wp-json\/wp\/v2\/tags?post=71329"}],"curies":[{"name":"wp","href":"https:\/\/api.w.org\/{rel}","templated":true}]}}