{"id":71332,"date":"2024-01-15T22:19:04","date_gmt":"2024-01-16T01:19:04","guid":{"rendered":"https:\/\/www.todoeldia.com\/?p=71332"},"modified":"2024-01-15T22:19:05","modified_gmt":"2024-01-16T01:19:05","slug":"un-joven-es-asesinado-a-punaladas-y-su-hermano-gravemente-herido-por-defender-a-su-madre","status":"publish","type":"post","link":"https:\/\/www.todoeldia.com\/index.php\/2024\/01\/15\/un-joven-es-asesinado-a-punaladas-y-su-hermano-gravemente-herido-por-defender-a-su-madre\/","title":{"rendered":"Un joven es asesinado a pu\u00f1aladas y su hermano gravemente herido por defender a su madre"},"content":{"rendered":"\n<p>El diablo ya estaba suelto en Rosario de Lerma, despu\u00e9s de los festejos del desentierro del carnaval a eso de las 1 de la madrugada un hombre ebrio lleg\u00f3 al domicilio de Villa Mercedes e inici\u00f3 un episodio violento que con la que ser\u00eda su pareja y madre de los dos j\u00f3venes que al intentar defenderla fueron atacados a pu\u00f1aladas, uno de ellos muri\u00f3 y el otro fue trasladado en c\u00f3digo rojo a Salta Capital.<\/p>\n\n\n\n<p>Los j\u00f3venes, que no estaba en el domicilio, salieron en auxilio de su madre al ser alertados por una hermana, fue cuando en una calle, interceptaron al acusado. El violento sujeto sac\u00f3 entre sus pertenencias, un cuchillo y atac\u00f3 a los dos hermanos. Uno de ellos, el de 26 a\u00f1os, cay\u00f3 al pis\u00f3 mal herido, y el otro, aunque repeli\u00f3 en parte el ataque termin\u00f3 siendo acuchillado.<\/p>\n\n\n\n<p>A pesar del auxilio sanitario, el joven de 26 a\u00f1os muri\u00f3 a los pocos minutos en la guardia del Hospital Corbal\u00e1n, mientras que su hermano fue derivado en c\u00f3digo rojo al San Bernardo, donde por estar horas est\u00e1 en grave estado. El sujeto a\u00fan no fue localizado.<\/p>\n","protected":false},"excerpt":{"rendered":"<p>El diablo ya estaba suelto en Rosario de Lerma, despu\u00e9s de los festejos del desentierro del carnaval a eso de las 1 de la madrugada un hombre ebrio lleg\u00f3 al domicilio de Villa Mercedes e inici\u00f3 un episodio violento que con la que ser\u00eda su pareja y madre de los dos j\u00f3venes que al intentar [&hellip;]<\/p>\n","protected":false},"author":2,"featured_media":71333,"comment_status":"open","ping_status":"open","sticky":false,"template":"","format":"standard","meta":{"tdm_status":"","tdm_grid_status":"","_joinchat":[],"footnotes":""},"categories":[63],"tags":[],"class_list":{"0":"post-71332","1":"post","2":"type-post","3":"status-publish","4":"format-standard","5":"has-post-thumbnail","7":"category-policiales"},"amp_enabled":true,"_links":{"self":[{"href":"https:\/\/www.todoeldia.com\/index.php\/wp-json\/wp\/v2\/posts\/71332","targetHints":{"allow":["GET"]}}],"collection":[{"href":"https:\/\/www.todoeldia.com\/index.php\/wp-json\/wp\/v2\/posts"}],"about":[{"href":"https:\/\/www.todoeldia.com\/index.php\/wp-json\/wp\/v2\/types\/post"}],"author":[{"embeddable":true,"href":"https:\/\/www.todoeldia.com\/index.php\/wp-json\/wp\/v2\/users\/2"}],"replies":[{"embeddable":true,"href":"https:\/\/www.todoeldia.com\/index.php\/wp-json\/wp\/v2\/comments?post=71332"}],"version-history":[{"count":1,"href":"https:\/\/www.todoeldia.com\/index.php\/wp-json\/wp\/v2\/posts\/71332\/revisions"}],"predecessor-version":[{"id":71334,"href":"https:\/\/www.todoeldia.com\/index.php\/wp-json\/wp\/v2\/posts\/71332\/revisions\/71334"}],"wp:featuredmedia":[{"embeddable":true,"href":"https:\/\/www.todoeldia.com\/index.php\/wp-json\/wp\/v2\/media\/71333"}],"wp:attachment":[{"href":"https:\/\/www.todoeldia.com\/index.php\/wp-json\/wp\/v2\/media?parent=71332"}],"wp:term":[{"taxonomy":"category","embeddable":true,"href":"https:\/\/www.todoeldia.com\/index.php\/wp-json\/wp\/v2\/categories?post=71332"},{"taxonomy":"post_tag","embeddable":true,"href":"https:\/\/www.todoeldia.com\/index.php\/wp-json\/wp\/v2\/tags?post=71332"}],"curies":[{"name":"wp","href":"https:\/\/api.w.org\/{rel}","templated":true}]}}