{"id":71350,"date":"2024-01-16T10:18:33","date_gmt":"2024-01-16T13:18:33","guid":{"rendered":"https:\/\/www.todoeldia.com\/?p=71350"},"modified":"2024-01-16T10:18:33","modified_gmt":"2024-01-16T13:18:33","slug":"esta-desde-hace-2-anos-encontraron-en-salta-en-un-taller-la-trafic-de-la-cooperadora-de-oran","status":"publish","type":"post","link":"https:\/\/www.todoeldia.com\/index.php\/2024\/01\/16\/esta-desde-hace-2-anos-encontraron-en-salta-en-un-taller-la-trafic-de-la-cooperadora-de-oran\/","title":{"rendered":"Esta desde hace 2 a\u00f1os: encontraron en Salta en un taller la Trafic de la cooperadora de Or\u00e1n"},"content":{"rendered":"\n<p>La Municipalidad de Or\u00e1n inform\u00f3 que la Trafic Ford Transit, que pertenec\u00eda a Cooperadora Asistencial, fue encontrada en el taller de Lombardi Camiones en la Capital Salte\u00f1a.<\/p>\n\n\n\n<figure class=\"wp-block-image size-full is-resized\"><img loading=\"lazy\" decoding=\"async\" width=\"768\" height=\"960\" src=\"https:\/\/www.todoeldia.com\/wp-content\/uploads\/2024\/01\/image-76.png\" alt=\"\" class=\"wp-image-71352\" style=\"width:1035px;height:auto\" srcset=\"https:\/\/www.todoeldia.com\/wp-content\/uploads\/2024\/01\/image-76.png 768w, https:\/\/www.todoeldia.com\/wp-content\/uploads\/2024\/01\/image-76-240x300.png 240w, https:\/\/www.todoeldia.com\/wp-content\/uploads\/2024\/01\/image-76-300x375.png 300w, https:\/\/www.todoeldia.com\/wp-content\/uploads\/2024\/01\/image-76-696x870.png 696w, https:\/\/www.todoeldia.com\/wp-content\/uploads\/2024\/01\/image-76-336x420.png 336w\" sizes=\"auto, (max-width: 768px) 100vw, 768px\" \/><\/figure>\n\n\n\n<p>La informaci\u00f3n brindada por la empresa, es que el veh\u00edculo lleg\u00f3 con el motor fundido y otros inconvenientes t\u00e9cnicos. Cuando se dio a conocer el presupuesto a la gesti\u00f3n anterior, nunca m\u00e1s dieron respuesta y el transporte lleva en el lugar aproximadamente 2 a\u00f1os.<\/p>\n\n\n\n<figure class=\"wp-block-image size-full is-resized\"><img loading=\"lazy\" decoding=\"async\" width=\"768\" height=\"960\" src=\"https:\/\/www.todoeldia.com\/wp-content\/uploads\/2024\/01\/image-77.png\" alt=\"\" class=\"wp-image-71353\" style=\"width:1035px;height:auto\" srcset=\"https:\/\/www.todoeldia.com\/wp-content\/uploads\/2024\/01\/image-77.png 768w, https:\/\/www.todoeldia.com\/wp-content\/uploads\/2024\/01\/image-77-240x300.png 240w, https:\/\/www.todoeldia.com\/wp-content\/uploads\/2024\/01\/image-77-300x375.png 300w, https:\/\/www.todoeldia.com\/wp-content\/uploads\/2024\/01\/image-77-696x870.png 696w, https:\/\/www.todoeldia.com\/wp-content\/uploads\/2024\/01\/image-77-336x420.png 336w\" sizes=\"auto, (max-width: 768px) 100vw, 768px\" \/><\/figure>\n\n\n\n<p>El rodado era utilizado para llevar a vecinos que realizaban tratamientos m\u00e9dicos en la capital de la provincia. Se realiza las averiguaciones correspondientes, con la intenci\u00f3n de poner nuevamente en funcionamiento una herramienta tan importante para la comunidad de Or\u00e1n.<\/p>\n\n\n\n<figure class=\"wp-block-image size-full\"><img loading=\"lazy\" decoding=\"async\" width=\"768\" height=\"960\" src=\"https:\/\/www.todoeldia.com\/wp-content\/uploads\/2024\/01\/image-78.png\" alt=\"\" class=\"wp-image-71354\" srcset=\"https:\/\/www.todoeldia.com\/wp-content\/uploads\/2024\/01\/image-78.png 768w, https:\/\/www.todoeldia.com\/wp-content\/uploads\/2024\/01\/image-78-240x300.png 240w, https:\/\/www.todoeldia.com\/wp-content\/uploads\/2024\/01\/image-78-300x375.png 300w, https:\/\/www.todoeldia.com\/wp-content\/uploads\/2024\/01\/image-78-696x870.png 696w, https:\/\/www.todoeldia.com\/wp-content\/uploads\/2024\/01\/image-78-336x420.png 336w\" sizes=\"auto, (max-width: 768px) 100vw, 768px\" \/><\/figure>\n","protected":false},"excerpt":{"rendered":"<p>La Municipalidad de Or\u00e1n inform\u00f3 que la Trafic Ford Transit, que pertenec\u00eda a Cooperadora Asistencial, fue encontrada en el taller de Lombardi Camiones en la Capital Salte\u00f1a. La informaci\u00f3n brindada por la empresa, es que el veh\u00edculo lleg\u00f3 con el motor fundido y otros inconvenientes t\u00e9cnicos. Cuando se dio a conocer el presupuesto a la [&hellip;]<\/p>\n","protected":false},"author":2,"featured_media":71351,"comment_status":"open","ping_status":"open","sticky":false,"template":"","format":"standard","meta":{"tdm_status":"","tdm_grid_status":"","_joinchat":[],"footnotes":""},"categories":[73],"tags":[],"class_list":{"0":"post-71350","1":"post","2":"type-post","3":"status-publish","4":"format-standard","5":"has-post-thumbnail","7":"category-noticias-general"},"amp_enabled":true,"_links":{"self":[{"href":"https:\/\/www.todoeldia.com\/index.php\/wp-json\/wp\/v2\/posts\/71350","targetHints":{"allow":["GET"]}}],"collection":[{"href":"https:\/\/www.todoeldia.com\/index.php\/wp-json\/wp\/v2\/posts"}],"about":[{"href":"https:\/\/www.todoeldia.com\/index.php\/wp-json\/wp\/v2\/types\/post"}],"author":[{"embeddable":true,"href":"https:\/\/www.todoeldia.com\/index.php\/wp-json\/wp\/v2\/users\/2"}],"replies":[{"embeddable":true,"href":"https:\/\/www.todoeldia.com\/index.php\/wp-json\/wp\/v2\/comments?post=71350"}],"version-history":[{"count":1,"href":"https:\/\/www.todoeldia.com\/index.php\/wp-json\/wp\/v2\/posts\/71350\/revisions"}],"predecessor-version":[{"id":71355,"href":"https:\/\/www.todoeldia.com\/index.php\/wp-json\/wp\/v2\/posts\/71350\/revisions\/71355"}],"wp:featuredmedia":[{"embeddable":true,"href":"https:\/\/www.todoeldia.com\/index.php\/wp-json\/wp\/v2\/media\/71351"}],"wp:attachment":[{"href":"https:\/\/www.todoeldia.com\/index.php\/wp-json\/wp\/v2\/media?parent=71350"}],"wp:term":[{"taxonomy":"category","embeddable":true,"href":"https:\/\/www.todoeldia.com\/index.php\/wp-json\/wp\/v2\/categories?post=71350"},{"taxonomy":"post_tag","embeddable":true,"href":"https:\/\/www.todoeldia.com\/index.php\/wp-json\/wp\/v2\/tags?post=71350"}],"curies":[{"name":"wp","href":"https:\/\/api.w.org\/{rel}","templated":true}]}}