{"id":71358,"date":"2024-01-16T10:31:24","date_gmt":"2024-01-16T13:31:24","guid":{"rendered":"https:\/\/www.todoeldia.com\/?p=71358"},"modified":"2024-01-16T10:31:24","modified_gmt":"2024-01-16T13:31:24","slug":"10-meses-a-la-carcel-por-reiterados-hechos-de-violencia-contra-su-familia","status":"publish","type":"post","link":"https:\/\/www.todoeldia.com\/index.php\/2024\/01\/16\/10-meses-a-la-carcel-por-reiterados-hechos-de-violencia-contra-su-familia\/","title":{"rendered":"10 meses a la c\u00e1rcel por reiterados hechos de violencia contra su familia"},"content":{"rendered":"\n<p>Tras varias denuncias radicadas por la madre y la hermana del imputado, se lo conden\u00f3 a una pena \u00fanica de cumplimiento efectivo. Adem\u00e1s, se encontraba vigente una pena de ejecuci\u00f3n condicional.<\/p>\n\n\n\n<p>El fiscal penal Marcos Vega Ortiz, subrogante en Fiscal\u00eda Penal de Violencia Familiar y de G\u00e9nero 5 en feria, represent\u00f3 al Ministerio P\u00fablico Fiscal ante la Sala II del Tribunal de Juicio del distrito Centro en la audiencia de juicio abreviado contra un hombre de 24 a\u00f1os por los delitos de amenazas, desobediencia judicial (cinco hechos), violaci\u00f3n de domicilio (seis hechos) y hurto simple, todo en concurso real.<\/p>\n\n\n\n<p>El imputado enfrenta m\u00faltiples acusaciones, incluyendo un incidente en septiembre de 2023 donde agredi\u00f3 a su madre al confrontarlo por recoger herramientas en su vivienda. Posteriormente, fue detenido tras intentar evadir a la polic\u00eda.<\/p>\n\n\n\n<p>Adem\u00e1s, el d\u00eda anterior, hab\u00eda golpeado a su hermana por recriminarle el haber arrojado su celular al cesto de basura. En junio del mismo a\u00f1o, ingres\u00f3 a la vivienda de su hermana y sustrajo dinero.<\/p>\n\n\n\n<p>El hombre de 24 a\u00f1os, ya hab\u00eda sido notificado de medidas cautelares en agosto, que inclu\u00edan la exclusi\u00f3n del hogar familiar por denuncias de violencia familiar.<\/p>\n\n\n\n<p>La jueza en feria, Victoria Montoya Quiroga, luego de recibir la confesi\u00f3n del imputado, lo conden\u00f3 a la pena de diez meses de prisi\u00f3n de ejecuci\u00f3n efectiva.<\/p>\n\n\n\n<p>Por existir una sentencia condenatoria de fecha 20 de diciembre de 2022, de 1 a\u00f1o y dos meses de prisi\u00f3n de ejecuci\u00f3n condicional, revoc\u00f3 dicha condicionalidad y unific\u00f3 la pena en 1 a\u00f1o y 11 meses de prisi\u00f3n de cumplimiento efectivo.<\/p>\n","protected":false},"excerpt":{"rendered":"<p>Tras varias denuncias radicadas por la madre y la hermana del imputado, se lo conden\u00f3 a una pena \u00fanica de cumplimiento efectivo. Adem\u00e1s, se encontraba vigente una pena de ejecuci\u00f3n condicional. El fiscal penal Marcos Vega Ortiz, subrogante en Fiscal\u00eda Penal de Violencia Familiar y de G\u00e9nero 5 en feria, represent\u00f3 al Ministerio P\u00fablico Fiscal [&hellip;]<\/p>\n","protected":false},"author":2,"featured_media":39494,"comment_status":"open","ping_status":"open","sticky":false,"template":"","format":"standard","meta":{"tdm_status":"","tdm_grid_status":"","_joinchat":[],"footnotes":""},"categories":[63],"tags":[],"class_list":{"0":"post-71358","1":"post","2":"type-post","3":"status-publish","4":"format-standard","5":"has-post-thumbnail","7":"category-policiales"},"amp_enabled":true,"_links":{"self":[{"href":"https:\/\/www.todoeldia.com\/index.php\/wp-json\/wp\/v2\/posts\/71358","targetHints":{"allow":["GET"]}}],"collection":[{"href":"https:\/\/www.todoeldia.com\/index.php\/wp-json\/wp\/v2\/posts"}],"about":[{"href":"https:\/\/www.todoeldia.com\/index.php\/wp-json\/wp\/v2\/types\/post"}],"author":[{"embeddable":true,"href":"https:\/\/www.todoeldia.com\/index.php\/wp-json\/wp\/v2\/users\/2"}],"replies":[{"embeddable":true,"href":"https:\/\/www.todoeldia.com\/index.php\/wp-json\/wp\/v2\/comments?post=71358"}],"version-history":[{"count":1,"href":"https:\/\/www.todoeldia.com\/index.php\/wp-json\/wp\/v2\/posts\/71358\/revisions"}],"predecessor-version":[{"id":71359,"href":"https:\/\/www.todoeldia.com\/index.php\/wp-json\/wp\/v2\/posts\/71358\/revisions\/71359"}],"wp:featuredmedia":[{"embeddable":true,"href":"https:\/\/www.todoeldia.com\/index.php\/wp-json\/wp\/v2\/media\/39494"}],"wp:attachment":[{"href":"https:\/\/www.todoeldia.com\/index.php\/wp-json\/wp\/v2\/media?parent=71358"}],"wp:term":[{"taxonomy":"category","embeddable":true,"href":"https:\/\/www.todoeldia.com\/index.php\/wp-json\/wp\/v2\/categories?post=71358"},{"taxonomy":"post_tag","embeddable":true,"href":"https:\/\/www.todoeldia.com\/index.php\/wp-json\/wp\/v2\/tags?post=71358"}],"curies":[{"name":"wp","href":"https:\/\/api.w.org\/{rel}","templated":true}]}}