{"id":71360,"date":"2024-01-16T10:34:30","date_gmt":"2024-01-16T13:34:30","guid":{"rendered":"https:\/\/www.todoeldia.com\/?p=71360"},"modified":"2024-01-16T10:34:30","modified_gmt":"2024-01-16T13:34:30","slug":"se-robaron-una-moto-en-payogasta-y-se-la-llevaban-empujando-por-la-ruta-hacia-cachi","status":"publish","type":"post","link":"https:\/\/www.todoeldia.com\/index.php\/2024\/01\/16\/se-robaron-una-moto-en-payogasta-y-se-la-llevaban-empujando-por-la-ruta-hacia-cachi\/","title":{"rendered":"Se robaron una moto en Payogasta y se la llevaban empujando por la ruta hacia Cachi"},"content":{"rendered":"\n<p>Ocurri\u00f3 el pasado s\u00e1bado, cuando una mujer dej\u00f3 estacionado el rodado afuera de un baile. Los acusados fueron demorados en la ruta 40, cuando llevaban la motocicleta empujando.<\/p>\n\n\n\n<p>El fiscal penal de Cachi en feria, Daniel Escalante, imput\u00f3 de forma provisional a un hombre de 29 a\u00f1os y a una mujer de 23 a\u00f1os como coautores del delito de robo cometido en circunstancias de hurto calificado.<\/p>\n\n\n\n<p>El pasado 13 de enero, una mujer que se dispon\u00eda a retirarse de un baile en la localidad de Payogasta, denunci\u00f3 la sustracci\u00f3n de una motocicleta que hab\u00eda dejado estacionada con trabas de seguridad en la v\u00eda p\u00fablica.<\/p>\n\n\n\n<p>El personal policial fue alertado e inici\u00f3 una pronta intervenci\u00f3n, logrando detectar a los acusados sobre la ruta 40, espec\u00edficamente en el kil\u00f3metro 31. Los individuos estaban empujando la motocicleta, que presentaba da\u00f1os visibles.<\/p>\n\n\n\n<p>En la audiencia de imputaci\u00f3n posterior, los acusados proporcionaron su declaraci\u00f3n y, considerando la gravedad de los hechos, la Fiscal\u00eda solicit\u00f3 que permanezcan detenidos.<\/p>\n","protected":false},"excerpt":{"rendered":"<p>Ocurri\u00f3 el pasado s\u00e1bado, cuando una mujer dej\u00f3 estacionado el rodado afuera de un baile. Los acusados fueron demorados en la ruta 40, cuando llevaban la motocicleta empujando. El fiscal penal de Cachi en feria, Daniel Escalante, imput\u00f3 de forma provisional a un hombre de 29 a\u00f1os y a una mujer de 23 a\u00f1os como [&hellip;]<\/p>\n","protected":false},"author":2,"featured_media":48910,"comment_status":"open","ping_status":"open","sticky":false,"template":"","format":"standard","meta":{"tdm_status":"","tdm_grid_status":"","_joinchat":[],"footnotes":""},"categories":[63],"tags":[],"class_list":{"0":"post-71360","1":"post","2":"type-post","3":"status-publish","4":"format-standard","5":"has-post-thumbnail","7":"category-policiales"},"amp_enabled":true,"_links":{"self":[{"href":"https:\/\/www.todoeldia.com\/index.php\/wp-json\/wp\/v2\/posts\/71360","targetHints":{"allow":["GET"]}}],"collection":[{"href":"https:\/\/www.todoeldia.com\/index.php\/wp-json\/wp\/v2\/posts"}],"about":[{"href":"https:\/\/www.todoeldia.com\/index.php\/wp-json\/wp\/v2\/types\/post"}],"author":[{"embeddable":true,"href":"https:\/\/www.todoeldia.com\/index.php\/wp-json\/wp\/v2\/users\/2"}],"replies":[{"embeddable":true,"href":"https:\/\/www.todoeldia.com\/index.php\/wp-json\/wp\/v2\/comments?post=71360"}],"version-history":[{"count":1,"href":"https:\/\/www.todoeldia.com\/index.php\/wp-json\/wp\/v2\/posts\/71360\/revisions"}],"predecessor-version":[{"id":71361,"href":"https:\/\/www.todoeldia.com\/index.php\/wp-json\/wp\/v2\/posts\/71360\/revisions\/71361"}],"wp:featuredmedia":[{"embeddable":true,"href":"https:\/\/www.todoeldia.com\/index.php\/wp-json\/wp\/v2\/media\/48910"}],"wp:attachment":[{"href":"https:\/\/www.todoeldia.com\/index.php\/wp-json\/wp\/v2\/media?parent=71360"}],"wp:term":[{"taxonomy":"category","embeddable":true,"href":"https:\/\/www.todoeldia.com\/index.php\/wp-json\/wp\/v2\/categories?post=71360"},{"taxonomy":"post_tag","embeddable":true,"href":"https:\/\/www.todoeldia.com\/index.php\/wp-json\/wp\/v2\/tags?post=71360"}],"curies":[{"name":"wp","href":"https:\/\/api.w.org\/{rel}","templated":true}]}}