{"id":71368,"date":"2024-01-16T11:02:52","date_gmt":"2024-01-16T14:02:52","guid":{"rendered":"https:\/\/www.todoeldia.com\/?p=71368"},"modified":"2024-01-16T11:02:53","modified_gmt":"2024-01-16T14:02:53","slug":"el-intendente-de-oran-se-presento-como-querellante-ante-la-justicia-por-las-denuncias-contra-pablo-gonzalez","status":"publish","type":"post","link":"https:\/\/www.todoeldia.com\/index.php\/2024\/01\/16\/el-intendente-de-oran-se-presento-como-querellante-ante-la-justicia-por-las-denuncias-contra-pablo-gonzalez\/","title":{"rendered":"\u00a0El Intendente de Or\u00e1n se present\u00f3 como querellante ante la justicia por las denuncias contra Pablo Gonz\u00e1lez"},"content":{"rendered":"\n<p>El Intendente Baltasar Lara Gros, se present\u00f3 en la ma\u00f1ana de este lunes, como Querellante en car\u00e1cter de Intendente del Municipio de Or\u00e1n, en las actuaciones iniciadas de oficio por la Fiscal\u00eda Penal en Feria N\u00b03, encabezada por la Dra. Mariana Torres.<\/p>\n\n\n\n<p>La causa est\u00e1 caratulada como &#8220;Fiscal\u00eda penal de delitos complejos investiga por noticia criminis, irregularidades en las compras locales comerciales que realizaba el municipio en la gesti\u00f3n de Pablo Gonz\u00e1lez&#8221;.<\/p>\n\n\n\n<p>El intendente solicit\u00f3 que se conceda su participaci\u00f3n en todos los tr\u00e1mites y actos procesales que se produzcan, poniendo a disposici\u00f3n de la justicia, todas las pruebas requeridas.<\/p>\n","protected":false},"excerpt":{"rendered":"<p>El Intendente Baltasar Lara Gros, se present\u00f3 en la ma\u00f1ana de este lunes, como Querellante en car\u00e1cter de Intendente del Municipio de Or\u00e1n, en las actuaciones iniciadas de oficio por la Fiscal\u00eda Penal en Feria N\u00b03, encabezada por la Dra. Mariana Torres. La causa est\u00e1 caratulada como &#8220;Fiscal\u00eda penal de delitos complejos investiga por noticia [&hellip;]<\/p>\n","protected":false},"author":2,"featured_media":70567,"comment_status":"open","ping_status":"open","sticky":false,"template":"","format":"standard","meta":{"tdm_status":"","tdm_grid_status":"","_joinchat":[],"footnotes":""},"categories":[63],"tags":[],"class_list":{"0":"post-71368","1":"post","2":"type-post","3":"status-publish","4":"format-standard","5":"has-post-thumbnail","7":"category-policiales"},"amp_enabled":true,"_links":{"self":[{"href":"https:\/\/www.todoeldia.com\/index.php\/wp-json\/wp\/v2\/posts\/71368","targetHints":{"allow":["GET"]}}],"collection":[{"href":"https:\/\/www.todoeldia.com\/index.php\/wp-json\/wp\/v2\/posts"}],"about":[{"href":"https:\/\/www.todoeldia.com\/index.php\/wp-json\/wp\/v2\/types\/post"}],"author":[{"embeddable":true,"href":"https:\/\/www.todoeldia.com\/index.php\/wp-json\/wp\/v2\/users\/2"}],"replies":[{"embeddable":true,"href":"https:\/\/www.todoeldia.com\/index.php\/wp-json\/wp\/v2\/comments?post=71368"}],"version-history":[{"count":1,"href":"https:\/\/www.todoeldia.com\/index.php\/wp-json\/wp\/v2\/posts\/71368\/revisions"}],"predecessor-version":[{"id":71369,"href":"https:\/\/www.todoeldia.com\/index.php\/wp-json\/wp\/v2\/posts\/71368\/revisions\/71369"}],"wp:featuredmedia":[{"embeddable":true,"href":"https:\/\/www.todoeldia.com\/index.php\/wp-json\/wp\/v2\/media\/70567"}],"wp:attachment":[{"href":"https:\/\/www.todoeldia.com\/index.php\/wp-json\/wp\/v2\/media?parent=71368"}],"wp:term":[{"taxonomy":"category","embeddable":true,"href":"https:\/\/www.todoeldia.com\/index.php\/wp-json\/wp\/v2\/categories?post=71368"},{"taxonomy":"post_tag","embeddable":true,"href":"https:\/\/www.todoeldia.com\/index.php\/wp-json\/wp\/v2\/tags?post=71368"}],"curies":[{"name":"wp","href":"https:\/\/api.w.org\/{rel}","templated":true}]}}