{"id":71370,"date":"2024-01-16T11:47:30","date_gmt":"2024-01-16T14:47:30","guid":{"rendered":"https:\/\/www.todoeldia.com\/?p=71370"},"modified":"2024-01-16T11:49:12","modified_gmt":"2024-01-16T14:49:12","slug":"imputaron-por-transporte-de-drogas-a-un-hombre-detenido-en-un-confuso-episodio-policial-en-gonzalez","status":"publish","type":"post","link":"https:\/\/www.todoeldia.com\/index.php\/2024\/01\/16\/imputaron-por-transporte-de-drogas-a-un-hombre-detenido-en-un-confuso-episodio-policial-en-gonzalez\/","title":{"rendered":"Imputaron por transporte de drogas a un hombre detenido en un confuso episodio policial en Gonz\u00e1lez"},"content":{"rendered":"\n<p>El acusado se escap\u00f3, en noviembre de 2023, en un auto que luego dej\u00f3 abandonado y en el que se hallaron 7 kilos de marihuana. El s\u00e1bado pasado, cuando fueron a detenerlo a su casa, volvi\u00f3 a protagonizar un intento de fuga con un arma de fuego.<\/p>\n\n\n\n<p>La jueza federal de Garant\u00edas de Salta -en feria- Mariela Alejandra Gim\u00e9nez hizo lugar ayer a la imputaci\u00f3n requerida contra Jos\u00e9 Luis Santill\u00e1n por &#8220;transporte de estupefacientes, en grado de coautor&#8221; y por ser autor dos hechos de &#8220;resistencia a la autoridad&#8221;. Adem\u00e1s, y tal como lo solicitaron el fiscal general Carlos Mart\u00edn Amad y la auxiliar fiscal Florencia Altamirano, dict\u00f3 la prisi\u00f3n preventiva del acusado.<\/p>\n\n\n\n<figure class=\"wp-block-image size-large\"><img loading=\"lazy\" decoding=\"async\" width=\"1024\" height=\"542\" src=\"https:\/\/www.todoeldia.com\/wp-content\/uploads\/2024\/01\/image-79-1024x542.png\" alt=\"\" class=\"wp-image-71372\" srcset=\"https:\/\/www.todoeldia.com\/wp-content\/uploads\/2024\/01\/image-79-1024x542.png 1024w, https:\/\/www.todoeldia.com\/wp-content\/uploads\/2024\/01\/image-79-300x159.png 300w, https:\/\/www.todoeldia.com\/wp-content\/uploads\/2024\/01\/image-79-768x407.png 768w, https:\/\/www.todoeldia.com\/wp-content\/uploads\/2024\/01\/image-79-696x368.png 696w, https:\/\/www.todoeldia.com\/wp-content\/uploads\/2024\/01\/image-79-1068x565.png 1068w, https:\/\/www.todoeldia.com\/wp-content\/uploads\/2024\/01\/image-79-793x420.png 793w, https:\/\/www.todoeldia.com\/wp-content\/uploads\/2024\/01\/image-79.png 1143w\" sizes=\"auto, (max-width: 1024px) 100vw, 1024px\" \/><\/figure>\n\n\n\n<p><strong>Jos\u00e9 Luis Santill\u00e1n y su abogado<\/strong><\/p>\n\n\n\n<p>La imputaci\u00f3n se formaliz\u00f3 ayer tras la exposici\u00f3n donde la auxiliar fiscal detall\u00f3 los hechos, mencion\u00f3 la calificaci\u00f3n legal y las pruebas reunidas y argument\u00f3, por \u00faltimo, respecto al pedido de prisi\u00f3n preventiva del acusado, considerado de extrema peligrosidad. En ese sentido, marc\u00f3 que Santill\u00e1n era buscado desde el 25 de noviembre del 2023, cuando se escap\u00f3 de un control vehicular que personal de Gendarmer\u00eda Nacional hab\u00eda montado sobre la ruta provincial N\u00b030, en el departamento de Anta, en el sur de la provincia.<\/p>\n\n\n\n<p>Seg\u00fan la hip\u00f3tesis del MPF, Santill\u00e1n iba en un autom\u00f3vil Volkswagen Gol cuando recibi\u00f3 la voz de alto para el control de rutina. En ese momento, desde el rodado aceleraron con la intenci\u00f3n de embestir a los uniformados y darse a la fuga, sin que se hayan registrados heridos. Los gendarmes comenzaron la persecuci\u00f3n y alcanzaron al auto: uno de los ocupantes sac\u00f3 un arma de fuego por la ventanilla y realiz\u00f3 varios disparos, lo que oblig\u00f3 a los agentes a ponerse a resguardo. M\u00e1s adelante, el veh\u00edculo se detuvo y dos hombres huyeron hacia una zona de montes. En el rodado, en tanto, se encontraron m\u00e1s de siete kilos de marihuana.<\/p>\n\n\n\n<p>Evidencias y detenci\u00f3n<\/p>\n\n\n\n<p>Como resultado de las pesquisas, a cargo de la Polic\u00eda de Seguridad Aeroportuaria, se pudo determinar que el auto hab\u00eda sido adquirido por el padre de Santill\u00e1n. En esa l\u00ednea, el MPF recalc\u00f3 que se reunieron evidencias que identificaban al ahora detenido como el conductor de dicho rodado, de acuerdo a lo que surgi\u00f3 de entrevistas con vecinos y empleados de una estaci\u00f3n de servicio, as\u00ed como tambi\u00e9n por el resultado de peritajes realizados al tel\u00e9fono que usaba el acusado.<\/p>\n\n\n\n<p>En base a lo expuesto, la fiscal\u00eda solicit\u00f3 a la jueza Gim\u00e9nez la captura de Santill\u00e1n, quien resid\u00eda en un domicilio del barrio San Antonio, en la localidad de Joaqu\u00edn V. Gonz\u00e1lez, en ese mismo departamento. Tras disponerse esta medida, se dispuso un operativo para la captura del sospechoso el 13 de enero pasado, alrededor de las 11, cuando personal de PSA se apost\u00f3 en la vivienda. En esas instancias, Santill\u00e1n, que apareci\u00f3 al volante de una motocicleta, se percat\u00f3 de la presencia de los efectivos e inici\u00f3 otra vez la fuga, para lo cual volvi\u00f3 a valerse de un arma de fuego que comenz\u00f3 a esgrimir para poner distancia con sus perseguidores, pero fue reducido y detenido. Durante ese procedimiento, una vecina result\u00f3 con herida, aunque sus lesiones no fueron de gravedad.<\/p>\n","protected":false},"excerpt":{"rendered":"<p>El acusado se escap\u00f3, en noviembre de 2023, en un auto que luego dej\u00f3 abandonado y en el que se hallaron 7 kilos de marihuana. El s\u00e1bado pasado, cuando fueron a detenerlo a su casa, volvi\u00f3 a protagonizar un intento de fuga con un arma de fuego. La jueza federal de Garant\u00edas de Salta -en [&hellip;]<\/p>\n","protected":false},"author":2,"featured_media":71232,"comment_status":"open","ping_status":"open","sticky":false,"template":"","format":"standard","meta":{"tdm_status":"","tdm_grid_status":"","_joinchat":[],"footnotes":""},"categories":[63],"tags":[],"class_list":{"0":"post-71370","1":"post","2":"type-post","3":"status-publish","4":"format-standard","5":"has-post-thumbnail","7":"category-policiales"},"amp_enabled":true,"_links":{"self":[{"href":"https:\/\/www.todoeldia.com\/index.php\/wp-json\/wp\/v2\/posts\/71370","targetHints":{"allow":["GET"]}}],"collection":[{"href":"https:\/\/www.todoeldia.com\/index.php\/wp-json\/wp\/v2\/posts"}],"about":[{"href":"https:\/\/www.todoeldia.com\/index.php\/wp-json\/wp\/v2\/types\/post"}],"author":[{"embeddable":true,"href":"https:\/\/www.todoeldia.com\/index.php\/wp-json\/wp\/v2\/users\/2"}],"replies":[{"embeddable":true,"href":"https:\/\/www.todoeldia.com\/index.php\/wp-json\/wp\/v2\/comments?post=71370"}],"version-history":[{"count":2,"href":"https:\/\/www.todoeldia.com\/index.php\/wp-json\/wp\/v2\/posts\/71370\/revisions"}],"predecessor-version":[{"id":71375,"href":"https:\/\/www.todoeldia.com\/index.php\/wp-json\/wp\/v2\/posts\/71370\/revisions\/71375"}],"wp:featuredmedia":[{"embeddable":true,"href":"https:\/\/www.todoeldia.com\/index.php\/wp-json\/wp\/v2\/media\/71232"}],"wp:attachment":[{"href":"https:\/\/www.todoeldia.com\/index.php\/wp-json\/wp\/v2\/media?parent=71370"}],"wp:term":[{"taxonomy":"category","embeddable":true,"href":"https:\/\/www.todoeldia.com\/index.php\/wp-json\/wp\/v2\/categories?post=71370"},{"taxonomy":"post_tag","embeddable":true,"href":"https:\/\/www.todoeldia.com\/index.php\/wp-json\/wp\/v2\/tags?post=71370"}],"curies":[{"name":"wp","href":"https:\/\/api.w.org\/{rel}","templated":true}]}}