{"id":71538,"date":"2024-01-18T15:46:22","date_gmt":"2024-01-18T18:46:22","guid":{"rendered":"https:\/\/www.todoeldia.com\/?p=71538"},"modified":"2024-01-18T20:55:37","modified_gmt":"2024-01-18T23:55:37","slug":"ya-suman-dos-los-muertos-por-covid-esta-semana-en-salta","status":"publish","type":"post","link":"https:\/\/www.todoeldia.com\/index.php\/2024\/01\/18\/ya-suman-dos-los-muertos-por-covid-esta-semana-en-salta\/","title":{"rendered":"Ya suman dos los muertos por COVID esta semana en Salta"},"content":{"rendered":"\n<p>El director general de Coordinaci\u00f3n Epidemiol\u00f3gica, Francisco Garc\u00eda Campos, explic\u00f3 que, en las primeras dos semanas epidemiol\u00f3gicas de 2024, se registraron 109 casos positivos de coronavirus y se confirmaron dos v\u00edctimas fatales (una en el departamento Or\u00e1n y otra en Capital).<\/p>\n\n\n\n<p>Los casos fueron confirmados en 15 departamentos de la provincia, la mayor\u00eda localizados en Capital, General G\u00fcemes, Rosario de la Frontera y Or\u00e1n. Adem\u00e1s, hay cuatro pacientes internados y hoy se confirm\u00f3 la segunda defunci\u00f3n del a\u00f1o por esta infecci\u00f3n, totalizando 3.524 \u00f3bitos desde el inicio de la pandemia en marzo de 2020.<\/p>\n\n\n\n<p>\u201cDesde mediados de diciembre se ve un aumento en el n\u00famero de casos de coronavirus entre una semana epidemiol\u00f3gica y la otra. Salta acompa\u00f1a el incremento de casos de Argentina y de otros pa\u00edses del mundo\u201d, dijo.<\/p>\n","protected":false},"excerpt":{"rendered":"<p>El director general de Coordinaci\u00f3n Epidemiol\u00f3gica, Francisco Garc\u00eda Campos, explic\u00f3 que, en las primeras dos semanas epidemiol\u00f3gicas de 2024, se registraron 109 casos positivos de coronavirus y se confirmaron dos v\u00edctimas fatales (una en el departamento Or\u00e1n y otra en Capital). Los casos fueron confirmados en 15 departamentos de la provincia, la mayor\u00eda localizados en [&hellip;]<\/p>\n","protected":false},"author":2,"featured_media":37273,"comment_status":"open","ping_status":"open","sticky":false,"template":"","format":"standard","meta":{"tdm_status":"","tdm_grid_status":"","_joinchat":[],"footnotes":""},"categories":[65],"tags":[],"class_list":{"0":"post-71538","1":"post","2":"type-post","3":"status-publish","4":"format-standard","5":"has-post-thumbnail","7":"category-coronavirus"},"amp_enabled":true,"_links":{"self":[{"href":"https:\/\/www.todoeldia.com\/index.php\/wp-json\/wp\/v2\/posts\/71538","targetHints":{"allow":["GET"]}}],"collection":[{"href":"https:\/\/www.todoeldia.com\/index.php\/wp-json\/wp\/v2\/posts"}],"about":[{"href":"https:\/\/www.todoeldia.com\/index.php\/wp-json\/wp\/v2\/types\/post"}],"author":[{"embeddable":true,"href":"https:\/\/www.todoeldia.com\/index.php\/wp-json\/wp\/v2\/users\/2"}],"replies":[{"embeddable":true,"href":"https:\/\/www.todoeldia.com\/index.php\/wp-json\/wp\/v2\/comments?post=71538"}],"version-history":[{"count":1,"href":"https:\/\/www.todoeldia.com\/index.php\/wp-json\/wp\/v2\/posts\/71538\/revisions"}],"predecessor-version":[{"id":71539,"href":"https:\/\/www.todoeldia.com\/index.php\/wp-json\/wp\/v2\/posts\/71538\/revisions\/71539"}],"wp:featuredmedia":[{"embeddable":true,"href":"https:\/\/www.todoeldia.com\/index.php\/wp-json\/wp\/v2\/media\/37273"}],"wp:attachment":[{"href":"https:\/\/www.todoeldia.com\/index.php\/wp-json\/wp\/v2\/media?parent=71538"}],"wp:term":[{"taxonomy":"category","embeddable":true,"href":"https:\/\/www.todoeldia.com\/index.php\/wp-json\/wp\/v2\/categories?post=71538"},{"taxonomy":"post_tag","embeddable":true,"href":"https:\/\/www.todoeldia.com\/index.php\/wp-json\/wp\/v2\/tags?post=71538"}],"curies":[{"name":"wp","href":"https:\/\/api.w.org\/{rel}","templated":true}]}}