{"id":71553,"date":"2024-01-18T23:01:29","date_gmt":"2024-01-19T02:01:29","guid":{"rendered":"https:\/\/www.todoeldia.com\/?p=71553"},"modified":"2024-01-18T23:01:29","modified_gmt":"2024-01-19T02:01:29","slug":"no-salio-como-se-esperaba-interceptan-dos-celulares-arrojados-desde-un-dron-al-interior-de-la-carcel-de-jujuy","status":"publish","type":"post","link":"https:\/\/www.todoeldia.com\/index.php\/2024\/01\/18\/no-salio-como-se-esperaba-interceptan-dos-celulares-arrojados-desde-un-dron-al-interior-de-la-carcel-de-jujuy\/","title":{"rendered":"\u00a1No salio como se esperaba! Interceptan dos celulares arrojados desde un dron al interior de la c\u00e1rcel de Jujuy"},"content":{"rendered":"\n<p>Dos tel\u00e9fonos celulares arrojados desde un dron hacia el patio de la c\u00e1rcel de Jujuy fueron interceptados por personal del Servicio Penitenciario Federal (SPF), informaron hoy fuentes de esa fuerza de seguridad.<\/p>\n\n\n\n<p>El hecho, que fue dado a conocer hoy, ocurri\u00f3 en la Unidad Penal 8 de la ciudad de San Salvador de Jujuy, cuando el personal del SPF advirti\u00f3 la presencia de un dron que era controlado desde el exterior de la prisi\u00f3n.<\/p>\n\n\n\n<p>Seg\u00fan las fuentes, instantes despu\u00e9s vieron como ese veh\u00edculo a\u00e9reo sobrevolaba el campo de deportes del penal hasta que, luego de un rato, arroj\u00f3 un paquete sobre el terreno de la c\u00e1rcel.<\/p>\n\n\n\n<p>As\u00ed fue que, tras inspeccionar el envoltorio, el personal de la Divisi\u00f3n Control y Registros hall\u00f3 dos tel\u00e9fonos, un cable USB con cargador y dos tarjetas SIM, que quedaron secuestrados mientras se investiga al autor de la maniobra y a qui\u00e9n estaban dirigidos los objetos.<\/p>\n","protected":false},"excerpt":{"rendered":"<p>Dos tel\u00e9fonos celulares arrojados desde un dron hacia el patio de la c\u00e1rcel de Jujuy fueron interceptados por personal del Servicio Penitenciario Federal (SPF), informaron hoy fuentes de esa fuerza de seguridad. El hecho, que fue dado a conocer hoy, ocurri\u00f3 en la Unidad Penal 8 de la ciudad de San Salvador de Jujuy, cuando [&hellip;]<\/p>\n","protected":false},"author":2,"featured_media":71554,"comment_status":"open","ping_status":"open","sticky":false,"template":"","format":"standard","meta":{"tdm_status":"","tdm_grid_status":"","_joinchat":[],"footnotes":""},"categories":[63],"tags":[],"class_list":{"0":"post-71553","1":"post","2":"type-post","3":"status-publish","4":"format-standard","5":"has-post-thumbnail","7":"category-policiales"},"amp_enabled":true,"_links":{"self":[{"href":"https:\/\/www.todoeldia.com\/index.php\/wp-json\/wp\/v2\/posts\/71553","targetHints":{"allow":["GET"]}}],"collection":[{"href":"https:\/\/www.todoeldia.com\/index.php\/wp-json\/wp\/v2\/posts"}],"about":[{"href":"https:\/\/www.todoeldia.com\/index.php\/wp-json\/wp\/v2\/types\/post"}],"author":[{"embeddable":true,"href":"https:\/\/www.todoeldia.com\/index.php\/wp-json\/wp\/v2\/users\/2"}],"replies":[{"embeddable":true,"href":"https:\/\/www.todoeldia.com\/index.php\/wp-json\/wp\/v2\/comments?post=71553"}],"version-history":[{"count":1,"href":"https:\/\/www.todoeldia.com\/index.php\/wp-json\/wp\/v2\/posts\/71553\/revisions"}],"predecessor-version":[{"id":71555,"href":"https:\/\/www.todoeldia.com\/index.php\/wp-json\/wp\/v2\/posts\/71553\/revisions\/71555"}],"wp:featuredmedia":[{"embeddable":true,"href":"https:\/\/www.todoeldia.com\/index.php\/wp-json\/wp\/v2\/media\/71554"}],"wp:attachment":[{"href":"https:\/\/www.todoeldia.com\/index.php\/wp-json\/wp\/v2\/media?parent=71553"}],"wp:term":[{"taxonomy":"category","embeddable":true,"href":"https:\/\/www.todoeldia.com\/index.php\/wp-json\/wp\/v2\/categories?post=71553"},{"taxonomy":"post_tag","embeddable":true,"href":"https:\/\/www.todoeldia.com\/index.php\/wp-json\/wp\/v2\/tags?post=71553"}],"curies":[{"name":"wp","href":"https:\/\/api.w.org\/{rel}","templated":true}]}}