{"id":71591,"date":"2024-01-19T13:49:39","date_gmt":"2024-01-19T16:49:39","guid":{"rendered":"https:\/\/www.todoeldia.com\/?p=71591"},"modified":"2024-01-19T13:49:39","modified_gmt":"2024-01-19T16:49:39","slug":"fuerte-operativo-de-la-policia-para-detener-y-deportar-a-la-familia-del-capo-narco-fito-macias","status":"publish","type":"post","link":"https:\/\/www.todoeldia.com\/index.php\/2024\/01\/19\/fuerte-operativo-de-la-policia-para-detener-y-deportar-a-la-familia-del-capo-narco-fito-macias\/","title":{"rendered":"Fuerte operativo de la polic\u00eda para detener y deportar a la familia del capo narco \u201cFito\u201d Macias"},"content":{"rendered":"\n<p>Sucedi\u00f3 en la noche del jueves en un exclusivo country cercano a Villa Carlos Paz; fueron expulsados del pa\u00eds en un vuelo de la Fuerza A\u00e9rea<\/p>\n\n\n\n<p>En medio de la ola de violencia que se vive en Ecuador, la familia de Jos\u00e9 Adolfo Mac\u00edas Villamar, alias Fito, un temible narco que sembr\u00f3 el terror en ese pa\u00eds, fue detenida en un exclusivo country de la provincia de C\u00f3rdoba. El fuerte operativo fue coordinado entre la Polic\u00eda Federal Argentina (PFA) y la Polic\u00eda de C\u00f3rdoba y anoche todos los miembros de la familia fueron deportados.<\/p>\n\n\n\n<figure class=\"wp-block-image size-full is-resized\"><img loading=\"lazy\" decoding=\"async\" width=\"880\" height=\"586\" src=\"https:\/\/www.todoeldia.com\/wp-content\/uploads\/2024\/01\/image-103.png\" alt=\"\" class=\"wp-image-71593\" style=\"width:1036px;height:auto\" srcset=\"https:\/\/www.todoeldia.com\/wp-content\/uploads\/2024\/01\/image-103.png 880w, https:\/\/www.todoeldia.com\/wp-content\/uploads\/2024\/01\/image-103-300x200.png 300w, https:\/\/www.todoeldia.com\/wp-content\/uploads\/2024\/01\/image-103-768x511.png 768w, https:\/\/www.todoeldia.com\/wp-content\/uploads\/2024\/01\/image-103-696x463.png 696w, https:\/\/www.todoeldia.com\/wp-content\/uploads\/2024\/01\/image-103-631x420.png 631w\" sizes=\"auto, (max-width: 880px) 100vw, 880px\" \/><\/figure>\n\n\n\n<p>Con la informaci\u00f3n que le lleg\u00f3 a los detectives de la PFA y la colaboraci\u00f3n del Ministerio P\u00fablico Fiscal de Ecuador, la Procuradur\u00eda de Narcocriminalidad (Procunar), conducida por el fiscal federal Diego Iglesias, se comenz\u00f3 a trabajar para ubicar a los familiares del capo narco, que se fug\u00f3 de una c\u00e1rcel ecuatoriana a principios de este mes. Al equipo de investigaci\u00f3n se sum\u00f3 la Direcci\u00f3n de An\u00e1lisis de la Informaci\u00f3n y Antiterrorismo de la Polic\u00eda de C\u00f3rdoba.<\/p>\n\n\n\n<p>Fue trabajo en conjunto de las fuerzas policiales que participaron del operativo y la coordinaci\u00f3n entre el Ministerio de Seguridad de la Naci\u00f3n, conducido por Patricia Bullrich, y el Ministerio de Gobierno y Seguridad de C\u00f3rdoba, a cargo de Juan Pablo Quinteros.<\/p>\n\n\n\n<p>La informaci\u00f3n de que la esposa y los hijos de Fito Mac\u00edas estaban en la Argentina le lleg\u00f3 a detectives del Departamento de Inteligencia contra el Crimen Organizado de la PFA, seg\u00fan informaron fuentes judiciales a este medio.<\/p>\n\n\n\n<p>Junto con un helic\u00f3ptero de la Polic\u00eda que sobrevol\u00f3 la zona, el operativo se inici\u00f3 el jueves por la noche tras una investigaci\u00f3n de casi cuatro d\u00edas por parte de la Fuerza Policial Antinarcotr\u00e1fico (FPA) y de la Polic\u00eda de C\u00f3rdoba, seg\u00fan public\u00f3 La Voz.<\/p>\n\n\n\n<p>La polic\u00eda cordobesa primero corrobor\u00f3 que efectivamente los familiares directos Fito estaban en el barrio cerrado Valle del Golf. De la investigaci\u00f3n, que fue crucial para que no se filtrara la informaci\u00f3n, tambi\u00e9n participaron agentes de civil dentro del country y hubo escuchas telef\u00f3nicas.<\/p>\n\n\n\n<figure class=\"wp-block-image size-full is-resized\"><img loading=\"lazy\" decoding=\"async\" width=\"780\" height=\"439\" src=\"https:\/\/www.todoeldia.com\/wp-content\/uploads\/2024\/01\/image-104.png\" alt=\"\" class=\"wp-image-71594\" style=\"width:1038px;height:auto\" srcset=\"https:\/\/www.todoeldia.com\/wp-content\/uploads\/2024\/01\/image-104.png 780w, https:\/\/www.todoeldia.com\/wp-content\/uploads\/2024\/01\/image-104-300x169.png 300w, https:\/\/www.todoeldia.com\/wp-content\/uploads\/2024\/01\/image-104-768x432.png 768w, https:\/\/www.todoeldia.com\/wp-content\/uploads\/2024\/01\/image-104-696x392.png 696w, https:\/\/www.todoeldia.com\/wp-content\/uploads\/2024\/01\/image-104-746x420.png 746w\" sizes=\"auto, (max-width: 780px) 100vw, 780px\" \/><\/figure>\n\n\n\n<p>\u201cFue terrible. La mujer con los hijos y los sobrinos andaban merodeando por el barrio y la plaza\u201d, coment\u00f3 una testigo.<\/p>\n\n\n\n<p>Tal como public\u00f3 LA NACION, entre los detenidos estaban la esposa del capo narco, Inda Mariela Pe\u00f1arrieta Tu\u00e1rez, de 48 a\u00f1os, y los hijos, Michelle Mac\u00edas Pe\u00f1arrieta, de 21; Ilse Mar\u00eda Mac\u00edas Pe\u00f1arrieta, de 12, y Lian Sejam Mac\u00edas Pe\u00f1arrieta, de 4. Fueron retenidos y el Gobierno argentino decidi\u00f3 expulsarlos del pa\u00eds.<\/p>\n\n\n\n<p>Tambi\u00e9n fueron identificados y puestos a disposici\u00f3n judicial una ni\u00f1era de la familia, Denny Yadira Laines Basurto, de 22; Javier Mac\u00edas Alcivar, un sobrino del capo narco, y \u00c1ngel Zambrano Chiquito, amigo de la familia.<\/p>\n\n\n\n<p>Los ocho ciudadanos ecuatorianos viajaron anoche en un avi\u00f3n que puso a disposici\u00f3n el ministro de Defensa, Luis Petri, a la Brigada A\u00e9rea de El Palomar, y hoy fueron deportados a Ecuador. Fue en un avi\u00f3n Focker F-28, que sali\u00f3 desde Aeroparque, con escalas en Salta y Lima, con destino final Ecuador.<\/p>\n","protected":false},"excerpt":{"rendered":"<p>Sucedi\u00f3 en la noche del jueves en un exclusivo country cercano a Villa Carlos Paz; fueron expulsados del pa\u00eds en un vuelo de la Fuerza A\u00e9rea En medio de la ola de violencia que se vive en Ecuador, la familia de Jos\u00e9 Adolfo Mac\u00edas Villamar, alias Fito, un temible narco que sembr\u00f3 el terror en [&hellip;]<\/p>\n","protected":false},"author":2,"featured_media":71592,"comment_status":"open","ping_status":"open","sticky":false,"template":"","format":"standard","meta":{"tdm_status":"","tdm_grid_status":"","_joinchat":[],"footnotes":""},"categories":[63],"tags":[],"class_list":{"0":"post-71591","1":"post","2":"type-post","3":"status-publish","4":"format-standard","5":"has-post-thumbnail","7":"category-policiales"},"amp_enabled":true,"_links":{"self":[{"href":"https:\/\/www.todoeldia.com\/index.php\/wp-json\/wp\/v2\/posts\/71591","targetHints":{"allow":["GET"]}}],"collection":[{"href":"https:\/\/www.todoeldia.com\/index.php\/wp-json\/wp\/v2\/posts"}],"about":[{"href":"https:\/\/www.todoeldia.com\/index.php\/wp-json\/wp\/v2\/types\/post"}],"author":[{"embeddable":true,"href":"https:\/\/www.todoeldia.com\/index.php\/wp-json\/wp\/v2\/users\/2"}],"replies":[{"embeddable":true,"href":"https:\/\/www.todoeldia.com\/index.php\/wp-json\/wp\/v2\/comments?post=71591"}],"version-history":[{"count":1,"href":"https:\/\/www.todoeldia.com\/index.php\/wp-json\/wp\/v2\/posts\/71591\/revisions"}],"predecessor-version":[{"id":71595,"href":"https:\/\/www.todoeldia.com\/index.php\/wp-json\/wp\/v2\/posts\/71591\/revisions\/71595"}],"wp:featuredmedia":[{"embeddable":true,"href":"https:\/\/www.todoeldia.com\/index.php\/wp-json\/wp\/v2\/media\/71592"}],"wp:attachment":[{"href":"https:\/\/www.todoeldia.com\/index.php\/wp-json\/wp\/v2\/media?parent=71591"}],"wp:term":[{"taxonomy":"category","embeddable":true,"href":"https:\/\/www.todoeldia.com\/index.php\/wp-json\/wp\/v2\/categories?post=71591"},{"taxonomy":"post_tag","embeddable":true,"href":"https:\/\/www.todoeldia.com\/index.php\/wp-json\/wp\/v2\/tags?post=71591"}],"curies":[{"name":"wp","href":"https:\/\/api.w.org\/{rel}","templated":true}]}}