{"id":71607,"date":"2024-01-19T14:53:13","date_gmt":"2024-01-19T17:53:13","guid":{"rendered":"https:\/\/www.todoeldia.com\/?p=71607"},"modified":"2024-01-19T14:53:59","modified_gmt":"2024-01-19T17:53:59","slug":"quien-es-fito-un-delincuente-sumamente-peligroso-que-se-fugo-de-la-carcel-en-ecuador","status":"publish","type":"post","link":"https:\/\/www.todoeldia.com\/index.php\/2024\/01\/19\/quien-es-fito-un-delincuente-sumamente-peligroso-que-se-fugo-de-la-carcel-en-ecuador\/","title":{"rendered":"Qui\u00e9n es \u201cFito\u201d, un \u201cdelincuente sumamente peligroso\u201d que se fug\u00f3 de la c\u00e1rcel en Ecuador"},"content":{"rendered":"\n<p>Sus actividades il\u00edcitas se remontan al a\u00f1o 2000, cuando fue detenido por primera vez por robo. Once a\u00f1os despu\u00e9s fue capturado y sentenciado a 34 a\u00f1os de prisi\u00f3n por narcotr\u00e1fico, delincuencia organizada y homicidio. Su esposa e hijos fueron retenidos en Argentina y expulsados del pa\u00eds.<\/p>\n\n\n\n<p>El Gobierno ecuatoriano contin\u00faa con la b\u00fasqueda de Jos\u00e9 Adolfo Mac\u00edas Salazar, alias \u201cFito\u201d, l\u00edder de Los Choneros, considerada una de las bandas criminales m\u00e1s peligrosas del pa\u00eds por sus presuntos nexos con c\u00e1rteles mexicanos, quien al parecer se evadi\u00f3 de la Penitenciar\u00eda del Litoral.<\/p>\n\n\n\n<figure class=\"wp-block-image size-full is-resized\"><img loading=\"lazy\" decoding=\"async\" width=\"992\" height=\"606\" src=\"https:\/\/www.todoeldia.com\/wp-content\/uploads\/2024\/01\/image-106.png\" alt=\"\" class=\"wp-image-71609\" style=\"width:1035px;height:auto\" srcset=\"https:\/\/www.todoeldia.com\/wp-content\/uploads\/2024\/01\/image-106.png 992w, https:\/\/www.todoeldia.com\/wp-content\/uploads\/2024\/01\/image-106-300x183.png 300w, https:\/\/www.todoeldia.com\/wp-content\/uploads\/2024\/01\/image-106-768x469.png 768w, https:\/\/www.todoeldia.com\/wp-content\/uploads\/2024\/01\/image-106-696x425.png 696w, https:\/\/www.todoeldia.com\/wp-content\/uploads\/2024\/01\/image-106-688x420.png 688w\" sizes=\"auto, (max-width: 992px) 100vw, 992px\" \/><\/figure>\n\n\n\n<p><strong>Con un total de 14 delitos, &#8220;Fito&#8221; fue condenado a 34 a\u00f1os de c\u00e1rcel<\/strong><\/p>\n\n\n\n<p>El secretario general de Comunicaci\u00f3n de la Presidencia, Roberto Izurieta, asever\u00f3 que con unos 3.000 polic\u00edas y militares contin\u00faan el operativo de b\u00fasqueda de \u201cFito\u201d, un \u201cdelincuente con caracter\u00edsticas sumamente peligrosas\u201d relacionadas con el terrorismo.<\/p>\n\n\n\n<p>\u201cFito\u201d es el cabecilla de Los Choneros, considerada por las autoridades de Ecuador como una de las mayores bandas criminales del pa\u00eds con presuntos nexos con c\u00e1rteles mexicanos.<\/p>\n\n\n\n<figure class=\"wp-block-image size-full is-resized\"><img loading=\"lazy\" decoding=\"async\" width=\"768\" height=\"576\" src=\"https:\/\/www.todoeldia.com\/wp-content\/uploads\/2024\/01\/image-107.png\" alt=\"\" class=\"wp-image-71611\" style=\"width:1035px;height:auto\" srcset=\"https:\/\/www.todoeldia.com\/wp-content\/uploads\/2024\/01\/image-107.png 768w, https:\/\/www.todoeldia.com\/wp-content\/uploads\/2024\/01\/image-107-300x225.png 300w, https:\/\/www.todoeldia.com\/wp-content\/uploads\/2024\/01\/image-107-696x522.png 696w, https:\/\/www.todoeldia.com\/wp-content\/uploads\/2024\/01\/image-107-560x420.png 560w, https:\/\/www.todoeldia.com\/wp-content\/uploads\/2024\/01\/image-107-80x60.png 80w, https:\/\/www.todoeldia.com\/wp-content\/uploads\/2024\/01\/image-107-265x198.png 265w\" sizes=\"auto, (max-width: 768px) 100vw, 768px\" \/><\/figure>\n\n\n\n<p><strong>Adolfo Mac\u00edas, alias &#8220;Fito&#8221;, l\u00edder de Los Choneros<\/strong><\/p>\n\n\n\n<p>Los Choneros surgieron en la d\u00e9cada de los a\u00f1os 90 en Chone, ciudad de la costera provincia de Manab\u00ed, y progresivamente fueron ganando poder en las rutas del narcotr\u00e1fico, particularmente en el tr\u00e1nsito de la coca\u00edna procedente de Colombia hacia Centroam\u00e9rica o Norteam\u00e9rica, seg\u00fan informes de la Polic\u00eda.<\/p>\n\n\n\n<p>De acuerdo con las mismas autoridades, actualmente est\u00e1n dedicados al narcotr\u00e1fico, la extorsi\u00f3n, el sicariato y el tr\u00e1fico de armas, entre otros delitos, y se encuentran enfrentados con Los Lobos y Los Tiguerones.<\/p>\n","protected":false},"excerpt":{"rendered":"<p>Sus actividades il\u00edcitas se remontan al a\u00f1o 2000, cuando fue detenido por primera vez por robo. Once a\u00f1os despu\u00e9s fue capturado y sentenciado a 34 a\u00f1os de prisi\u00f3n por narcotr\u00e1fico, delincuencia organizada y homicidio. Su esposa e hijos fueron retenidos en Argentina y expulsados del pa\u00eds. El Gobierno ecuatoriano contin\u00faa con la b\u00fasqueda de Jos\u00e9 [&hellip;]<\/p>\n","protected":false},"author":2,"featured_media":71608,"comment_status":"open","ping_status":"open","sticky":false,"template":"","format":"standard","meta":{"tdm_status":"","tdm_grid_status":"","_joinchat":[],"footnotes":""},"categories":[63],"tags":[],"class_list":{"0":"post-71607","1":"post","2":"type-post","3":"status-publish","4":"format-standard","5":"has-post-thumbnail","7":"category-policiales"},"amp_enabled":true,"_links":{"self":[{"href":"https:\/\/www.todoeldia.com\/index.php\/wp-json\/wp\/v2\/posts\/71607","targetHints":{"allow":["GET"]}}],"collection":[{"href":"https:\/\/www.todoeldia.com\/index.php\/wp-json\/wp\/v2\/posts"}],"about":[{"href":"https:\/\/www.todoeldia.com\/index.php\/wp-json\/wp\/v2\/types\/post"}],"author":[{"embeddable":true,"href":"https:\/\/www.todoeldia.com\/index.php\/wp-json\/wp\/v2\/users\/2"}],"replies":[{"embeddable":true,"href":"https:\/\/www.todoeldia.com\/index.php\/wp-json\/wp\/v2\/comments?post=71607"}],"version-history":[{"count":2,"href":"https:\/\/www.todoeldia.com\/index.php\/wp-json\/wp\/v2\/posts\/71607\/revisions"}],"predecessor-version":[{"id":71613,"href":"https:\/\/www.todoeldia.com\/index.php\/wp-json\/wp\/v2\/posts\/71607\/revisions\/71613"}],"wp:featuredmedia":[{"embeddable":true,"href":"https:\/\/www.todoeldia.com\/index.php\/wp-json\/wp\/v2\/media\/71608"}],"wp:attachment":[{"href":"https:\/\/www.todoeldia.com\/index.php\/wp-json\/wp\/v2\/media?parent=71607"}],"wp:term":[{"taxonomy":"category","embeddable":true,"href":"https:\/\/www.todoeldia.com\/index.php\/wp-json\/wp\/v2\/categories?post=71607"},{"taxonomy":"post_tag","embeddable":true,"href":"https:\/\/www.todoeldia.com\/index.php\/wp-json\/wp\/v2\/tags?post=71607"}],"curies":[{"name":"wp","href":"https:\/\/api.w.org\/{rel}","templated":true}]}}