{"id":71632,"date":"2024-01-19T21:47:03","date_gmt":"2024-01-20T00:47:03","guid":{"rendered":"https:\/\/www.todoeldia.com\/?p=71632"},"modified":"2024-01-19T21:47:03","modified_gmt":"2024-01-20T00:47:03","slug":"primer-caso-de-sarampion-en-salta","status":"publish","type":"post","link":"https:\/\/www.todoeldia.com\/index.php\/2024\/01\/19\/primer-caso-de-sarampion-en-salta\/","title":{"rendered":"Primer caso de sarampi\u00f3n en Salta"},"content":{"rendered":"\n<p>Se trata de un ni\u00f1o&nbsp; de 19 meses de edad que no fue vacunado contra el sarampi\u00f3n. El caso no cuenta con antecedentes de viaje y en la investigaci\u00f3n inicial no surge contacto con casos sospechosos antes del inicio de los s\u00edntomas.<\/p>\n\n\n\n<p>El Ministerio de Salud inform\u00f3 que el 16 de enero, una cl\u00ednica de la Provincia notific\u00f3 al Sistema Nacional de Vigilancia de la Salud un caso de enfermedad febril exantem\u00e1tica, sospechoso de sarampi\u00f3n, inici\u00e1ndose la investigaci\u00f3n epidemiol\u00f3gica y acciones de control.<\/p>\n\n\n\n<p>Se trata de un ni\u00f1o de 19 meses de edad que present\u00f3 fiebre, exantema, tos y conjuntivitis el d\u00eda 2 de enero.<\/p>\n\n\n\n<p>Tres d\u00edas despu\u00e9s consulta y se interna por neumon\u00eda en una cl\u00ednica privada presentando aislamiento de neumococo en muestra respiratoria.<\/p>\n\n\n\n<p>El d\u00eda 9 de enero se toma una muestra de suero y el 16 de enero se informa IgM positiva para sarampi\u00f3n en un laboratorio privado.<\/p>\n\n\n\n<p>Esta muestra de suero junto con las muestras para detecci\u00f3n viral fueron derivadas al Laboratorio Nacional de Referencia ANLIS-Malbr\u00e1n confirmando la infecci\u00f3n por serolog\u00eda y detecci\u00f3n de virus sarampi\u00f3n por RT-PCR en orina e aspirado nasofar\u00edngeo el d\u00eda 19 de enero.<\/p>\n\n\n\n<p>Se encuentran en desarrollo estudios para genotipificar el virus.<\/p>\n\n\n\n<p>El caso no cuenta con antecedente de vacunaci\u00f3n con triple viral, no viaj\u00f3 fuera de la provincia y en la investigaci\u00f3n inicial no surge contacto con casos sospechosos antes de la aparici\u00f3n de los s\u00edntomas.<\/p>\n\n\n\n<p>Los equipos de respuesta r\u00e1pida (ERRA), local y provincial, se encuentran realizando la investigaci\u00f3n epidemiol\u00f3gica y las acciones de control de foco correspondientes.<\/p>\n","protected":false},"excerpt":{"rendered":"<p>Se trata de un ni\u00f1o&nbsp; de 19 meses de edad que no fue vacunado contra el sarampi\u00f3n. El caso no cuenta con antecedentes de viaje y en la investigaci\u00f3n inicial no surge contacto con casos sospechosos antes del inicio de los s\u00edntomas. El Ministerio de Salud inform\u00f3 que el 16 de enero, una cl\u00ednica de [&hellip;]<\/p>\n","protected":false},"author":2,"featured_media":71633,"comment_status":"open","ping_status":"open","sticky":false,"template":"","format":"standard","meta":{"tdm_status":"","tdm_grid_status":"","_joinchat":[],"footnotes":""},"categories":[73],"tags":[],"class_list":{"0":"post-71632","1":"post","2":"type-post","3":"status-publish","4":"format-standard","5":"has-post-thumbnail","7":"category-noticias-general"},"amp_enabled":true,"_links":{"self":[{"href":"https:\/\/www.todoeldia.com\/index.php\/wp-json\/wp\/v2\/posts\/71632","targetHints":{"allow":["GET"]}}],"collection":[{"href":"https:\/\/www.todoeldia.com\/index.php\/wp-json\/wp\/v2\/posts"}],"about":[{"href":"https:\/\/www.todoeldia.com\/index.php\/wp-json\/wp\/v2\/types\/post"}],"author":[{"embeddable":true,"href":"https:\/\/www.todoeldia.com\/index.php\/wp-json\/wp\/v2\/users\/2"}],"replies":[{"embeddable":true,"href":"https:\/\/www.todoeldia.com\/index.php\/wp-json\/wp\/v2\/comments?post=71632"}],"version-history":[{"count":1,"href":"https:\/\/www.todoeldia.com\/index.php\/wp-json\/wp\/v2\/posts\/71632\/revisions"}],"predecessor-version":[{"id":71634,"href":"https:\/\/www.todoeldia.com\/index.php\/wp-json\/wp\/v2\/posts\/71632\/revisions\/71634"}],"wp:featuredmedia":[{"embeddable":true,"href":"https:\/\/www.todoeldia.com\/index.php\/wp-json\/wp\/v2\/media\/71633"}],"wp:attachment":[{"href":"https:\/\/www.todoeldia.com\/index.php\/wp-json\/wp\/v2\/media?parent=71632"}],"wp:term":[{"taxonomy":"category","embeddable":true,"href":"https:\/\/www.todoeldia.com\/index.php\/wp-json\/wp\/v2\/categories?post=71632"},{"taxonomy":"post_tag","embeddable":true,"href":"https:\/\/www.todoeldia.com\/index.php\/wp-json\/wp\/v2\/tags?post=71632"}],"curies":[{"name":"wp","href":"https:\/\/api.w.org\/{rel}","templated":true}]}}