{"id":71647,"date":"2024-01-20T14:33:42","date_gmt":"2024-01-20T17:33:42","guid":{"rendered":"https:\/\/www.todoeldia.com\/?p=71647"},"modified":"2024-01-20T14:33:43","modified_gmt":"2024-01-20T17:33:43","slug":"volco-un-camion-y-murio-su-chofer-en-san-antonio-de-los-cobres","status":"publish","type":"post","link":"https:\/\/www.todoeldia.com\/index.php\/2024\/01\/20\/volco-un-camion-y-murio-su-chofer-en-san-antonio-de-los-cobres\/","title":{"rendered":"Volc\u00f3 un cami\u00f3n y muri\u00f3 su chofer en San Antonio de Los Cobres"},"content":{"rendered":"\n<p>Ocurri\u00f3 alrededor de las 7.15 sobre Ruta Provincial N\u00b0 127, donde por causas a establecer un cami\u00f3n volc\u00f3.<\/p>\n\n\n\n<p>Desde las 07:30, personal de Comisaria N\u00b0 8 y del Grupo T\u00e9cnico Criminal\u00edstica trabajaron en Ruta Provincial N\u00b0 127 a la altura del Paraje Laguna Seca, distante a 80 kil\u00f3metros de San Antonio de los Cobres para determinar las causas que desencadenaron un siniestro vial protagonizado por un cami\u00f3n donde el chofer perdi\u00f3 la vida.<\/p>\n\n\n\n<p>Efectivos de la dependencia policial interviniente tomaron conocimiento por parte de un enfermero sobre el rodado siniestrado y una persona en el interior del mismo, por lo que se desplazaron al lugar donde constataron lo alertado y un hombre mayor sin signos vitales.<\/p>\n\n\n\n<p>Por su parte, el Grupo T\u00e9cnico Criminal\u00edstica trabaj\u00f3 sobre el resguardo de la escena y obtenci\u00f3n de elementos para las pericias accidentol\u00f3gicas a fin de determinar la mec\u00e1nica del siniestro.<\/p>\n\n\n\n<p>Por el hecho tom\u00f3 intervenci\u00f3n Unidad de Graves Atentando contra las Personas N\u00b0 2.<\/p>\n","protected":false},"excerpt":{"rendered":"<p>Ocurri\u00f3 alrededor de las 7.15 sobre Ruta Provincial N\u00b0 127, donde por causas a establecer un cami\u00f3n volc\u00f3. Desde las 07:30, personal de Comisaria N\u00b0 8 y del Grupo T\u00e9cnico Criminal\u00edstica trabajaron en Ruta Provincial N\u00b0 127 a la altura del Paraje Laguna Seca, distante a 80 kil\u00f3metros de San Antonio de los Cobres para [&hellip;]<\/p>\n","protected":false},"author":2,"featured_media":71648,"comment_status":"open","ping_status":"open","sticky":false,"template":"","format":"standard","meta":{"tdm_status":"","tdm_grid_status":"","_joinchat":[],"footnotes":""},"categories":[63],"tags":[],"class_list":{"0":"post-71647","1":"post","2":"type-post","3":"status-publish","4":"format-standard","5":"has-post-thumbnail","7":"category-policiales"},"amp_enabled":true,"_links":{"self":[{"href":"https:\/\/www.todoeldia.com\/index.php\/wp-json\/wp\/v2\/posts\/71647","targetHints":{"allow":["GET"]}}],"collection":[{"href":"https:\/\/www.todoeldia.com\/index.php\/wp-json\/wp\/v2\/posts"}],"about":[{"href":"https:\/\/www.todoeldia.com\/index.php\/wp-json\/wp\/v2\/types\/post"}],"author":[{"embeddable":true,"href":"https:\/\/www.todoeldia.com\/index.php\/wp-json\/wp\/v2\/users\/2"}],"replies":[{"embeddable":true,"href":"https:\/\/www.todoeldia.com\/index.php\/wp-json\/wp\/v2\/comments?post=71647"}],"version-history":[{"count":1,"href":"https:\/\/www.todoeldia.com\/index.php\/wp-json\/wp\/v2\/posts\/71647\/revisions"}],"predecessor-version":[{"id":71649,"href":"https:\/\/www.todoeldia.com\/index.php\/wp-json\/wp\/v2\/posts\/71647\/revisions\/71649"}],"wp:featuredmedia":[{"embeddable":true,"href":"https:\/\/www.todoeldia.com\/index.php\/wp-json\/wp\/v2\/media\/71648"}],"wp:attachment":[{"href":"https:\/\/www.todoeldia.com\/index.php\/wp-json\/wp\/v2\/media?parent=71647"}],"wp:term":[{"taxonomy":"category","embeddable":true,"href":"https:\/\/www.todoeldia.com\/index.php\/wp-json\/wp\/v2\/categories?post=71647"},{"taxonomy":"post_tag","embeddable":true,"href":"https:\/\/www.todoeldia.com\/index.php\/wp-json\/wp\/v2\/tags?post=71647"}],"curies":[{"name":"wp","href":"https:\/\/api.w.org\/{rel}","templated":true}]}}