{"id":71650,"date":"2024-01-20T14:42:22","date_gmt":"2024-01-20T17:42:22","guid":{"rendered":"https:\/\/www.todoeldia.com\/?p=71650"},"modified":"2024-01-20T14:42:22","modified_gmt":"2024-01-20T17:42:22","slug":"el-gobierno-de-javier-milei-anuncio-que-dara-de-baja-mas-de-27-mil-planes-sociales-por-irregularidades","status":"publish","type":"post","link":"https:\/\/www.todoeldia.com\/index.php\/2024\/01\/20\/el-gobierno-de-javier-milei-anuncio-que-dara-de-baja-mas-de-27-mil-planes-sociales-por-irregularidades\/","title":{"rendered":"El gobierno de Javier Milei anunci\u00f3 que dar\u00e1 de baja m\u00e1s de 27 mil planes sociales por irregularidades"},"content":{"rendered":"\n<p>Lo confirm\u00f3 este s\u00e1bado por la ma\u00f1ana el Ministerio de Capital Humano que conduce Sandra Petovello.<\/p>\n\n\n\n<p>En una noticia que se esperaba de un momento al otro ya que todo estaba en revisi\u00f3n por parte del Gobierno de Javier Milei, este s\u00e1bado a la ma\u00f1ana se conoci\u00f3 que en las pr\u00f3ximas horas se anunciar\u00e1n que dar\u00e1n de baja 27 mil planes sociales.<\/p>\n\n\n\n<p>El justificativo que esgrimieron desde el Ministerio de Capital Humano, que conduce Sandra Pettovello, es que los beneficiarios ten\u00edan irregularidades y no cumpl\u00edan los requisitos para recibir estos aportes estatales.<\/p>\n\n\n\n<p>La medida significa que el Estado recupera $ 2.000 millones que eran incorrectamente asignados, seg\u00fan se\u00f1ala la dependencia nacional.<\/p>\n\n\n\n<p>De acuerdo con lo se\u00f1alado por el ministerio, se detectaron 27.208 planes Potenciar Trabajo y 12 Potenciar Empleo con incompatibilidades, \u201ca los que inmediatamente se les suspendi\u00f3 el pago, evitando as\u00ed la erogaci\u00f3n incorrecta de $ 2.000 millones del Estado nacional\u201d, se\u00f1alaron a este medio en el Gobierno.<\/p>\n\n\n\n<p>Algunas de las incompatibilidades, detectadas por el cruce de informaci\u00f3n entre la Administraci\u00f3n Nacional de la Seguridad Social (ANSES) y el Sistema de Identificaci\u00f3n Nacional Tributaria y Social (Sinstys), fueron: beneficios de jubilaci\u00f3n o pensi\u00f3n, prestaci\u00f3n por desempleo, monotributistas categor\u00eda C o superior, trabajadores aut\u00f3nomos, incompatibilidad por residencia en el extranjero, fallecidos y poseer un auto con menos de diez a\u00f1os de antig\u00fcedad.<\/p>\n","protected":false},"excerpt":{"rendered":"<p>Lo confirm\u00f3 este s\u00e1bado por la ma\u00f1ana el Ministerio de Capital Humano que conduce Sandra Petovello. En una noticia que se esperaba de un momento al otro ya que todo estaba en revisi\u00f3n por parte del Gobierno de Javier Milei, este s\u00e1bado a la ma\u00f1ana se conoci\u00f3 que en las pr\u00f3ximas horas se anunciar\u00e1n que [&hellip;]<\/p>\n","protected":false},"author":2,"featured_media":71651,"comment_status":"open","ping_status":"open","sticky":false,"template":"","format":"standard","meta":{"tdm_status":"","tdm_grid_status":"","_joinchat":[],"footnotes":""},"categories":[60],"tags":[],"class_list":{"0":"post-71650","1":"post","2":"type-post","3":"status-publish","4":"format-standard","5":"has-post-thumbnail","7":"category-economia"},"amp_enabled":true,"_links":{"self":[{"href":"https:\/\/www.todoeldia.com\/index.php\/wp-json\/wp\/v2\/posts\/71650","targetHints":{"allow":["GET"]}}],"collection":[{"href":"https:\/\/www.todoeldia.com\/index.php\/wp-json\/wp\/v2\/posts"}],"about":[{"href":"https:\/\/www.todoeldia.com\/index.php\/wp-json\/wp\/v2\/types\/post"}],"author":[{"embeddable":true,"href":"https:\/\/www.todoeldia.com\/index.php\/wp-json\/wp\/v2\/users\/2"}],"replies":[{"embeddable":true,"href":"https:\/\/www.todoeldia.com\/index.php\/wp-json\/wp\/v2\/comments?post=71650"}],"version-history":[{"count":1,"href":"https:\/\/www.todoeldia.com\/index.php\/wp-json\/wp\/v2\/posts\/71650\/revisions"}],"predecessor-version":[{"id":71652,"href":"https:\/\/www.todoeldia.com\/index.php\/wp-json\/wp\/v2\/posts\/71650\/revisions\/71652"}],"wp:featuredmedia":[{"embeddable":true,"href":"https:\/\/www.todoeldia.com\/index.php\/wp-json\/wp\/v2\/media\/71651"}],"wp:attachment":[{"href":"https:\/\/www.todoeldia.com\/index.php\/wp-json\/wp\/v2\/media?parent=71650"}],"wp:term":[{"taxonomy":"category","embeddable":true,"href":"https:\/\/www.todoeldia.com\/index.php\/wp-json\/wp\/v2\/categories?post=71650"},{"taxonomy":"post_tag","embeddable":true,"href":"https:\/\/www.todoeldia.com\/index.php\/wp-json\/wp\/v2\/tags?post=71650"}],"curies":[{"name":"wp","href":"https:\/\/api.w.org\/{rel}","templated":true}]}}