{"id":71653,"date":"2024-01-20T14:55:21","date_gmt":"2024-01-20T17:55:21","guid":{"rendered":"https:\/\/www.todoeldia.com\/?p=71653"},"modified":"2024-01-20T14:55:22","modified_gmt":"2024-01-20T17:55:22","slug":"se-incendio-un-camion-bananero-en-oran","status":"publish","type":"post","link":"https:\/\/www.todoeldia.com\/index.php\/2024\/01\/20\/se-incendio-un-camion-bananero-en-oran\/","title":{"rendered":"Se incendi\u00f3 un cami\u00f3n bananero en Or\u00e1n"},"content":{"rendered":"\n<p>Cerca de las 4 de la ma\u00f1ana un llamado al 911 alerto sobre el incendio de un cami\u00f3n con acoplado en la ruta 50 en Or\u00e1n a la altura del Lote Sarita.<\/p>\n\n\n\n<figure class=\"wp-block-image size-full is-resized\"><img loading=\"lazy\" decoding=\"async\" width=\"960\" height=\"540\" src=\"https:\/\/www.todoeldia.com\/wp-content\/uploads\/2024\/01\/image-109.png\" alt=\"\" class=\"wp-image-71655\" style=\"width:1035px;height:auto\" srcset=\"https:\/\/www.todoeldia.com\/wp-content\/uploads\/2024\/01\/image-109.png 960w, https:\/\/www.todoeldia.com\/wp-content\/uploads\/2024\/01\/image-109-300x169.png 300w, https:\/\/www.todoeldia.com\/wp-content\/uploads\/2024\/01\/image-109-768x432.png 768w, https:\/\/www.todoeldia.com\/wp-content\/uploads\/2024\/01\/image-109-696x392.png 696w, https:\/\/www.todoeldia.com\/wp-content\/uploads\/2024\/01\/image-109-747x420.png 747w\" sizes=\"auto, (max-width: 960px) 100vw, 960px\" \/><\/figure>\n\n\n\n<p>Los efectivos policiales al llegar al lugar constataron el fuego en un cami\u00f3n 350 Marca Ford con acoplado el cual transportaba cajones de banana.<\/p>\n\n\n\n<figure class=\"wp-block-image size-full is-resized\"><img loading=\"lazy\" decoding=\"async\" width=\"960\" height=\"540\" src=\"https:\/\/www.todoeldia.com\/wp-content\/uploads\/2024\/01\/image-110.png\" alt=\"\" class=\"wp-image-71656\" style=\"width:1035px;height:auto\" srcset=\"https:\/\/www.todoeldia.com\/wp-content\/uploads\/2024\/01\/image-110.png 960w, https:\/\/www.todoeldia.com\/wp-content\/uploads\/2024\/01\/image-110-300x169.png 300w, https:\/\/www.todoeldia.com\/wp-content\/uploads\/2024\/01\/image-110-768x432.png 768w, https:\/\/www.todoeldia.com\/wp-content\/uploads\/2024\/01\/image-110-696x392.png 696w, https:\/\/www.todoeldia.com\/wp-content\/uploads\/2024\/01\/image-110-747x420.png 747w\" sizes=\"auto, (max-width: 960px) 100vw, 960px\" \/><\/figure>\n\n\n\n<p>No se encontraba presente el chofer o propietario del mismo. Se procedi\u00f3 a sofocar el fuego y una vez controlada la situaci\u00f3n se enfri\u00f3 la zona. Se pudo observar que el fuego podr\u00eda haber comenzado en el sector de la cabina del conductor y el mismo se desplaz\u00f3 hacia parte del motor y la caja donde se observan cajones de banana quemados.<\/p>\n\n\n\n<figure class=\"wp-block-image size-full is-resized\"><img loading=\"lazy\" decoding=\"async\" width=\"720\" height=\"900\" src=\"https:\/\/www.todoeldia.com\/wp-content\/uploads\/2024\/01\/image-111.png\" alt=\"\" class=\"wp-image-71657\" style=\"width:1035px;height:auto\" srcset=\"https:\/\/www.todoeldia.com\/wp-content\/uploads\/2024\/01\/image-111.png 720w, https:\/\/www.todoeldia.com\/wp-content\/uploads\/2024\/01\/image-111-240x300.png 240w, https:\/\/www.todoeldia.com\/wp-content\/uploads\/2024\/01\/image-111-300x375.png 300w, https:\/\/www.todoeldia.com\/wp-content\/uploads\/2024\/01\/image-111-696x870.png 696w, https:\/\/www.todoeldia.com\/wp-content\/uploads\/2024\/01\/image-111-336x420.png 336w\" sizes=\"auto, (max-width: 720px) 100vw, 720px\" \/><\/figure>\n\n\n\n<p>Tu Voz Or\u00e1n<\/p>\n\n\n\n<p><\/p>\n","protected":false},"excerpt":{"rendered":"<p>Cerca de las 4 de la ma\u00f1ana un llamado al 911 alerto sobre el incendio de un cami\u00f3n con acoplado en la ruta 50 en Or\u00e1n a la altura del Lote Sarita. Los efectivos policiales al llegar al lugar constataron el fuego en un cami\u00f3n 350 Marca Ford con acoplado el cual transportaba cajones de [&hellip;]<\/p>\n","protected":false},"author":2,"featured_media":71654,"comment_status":"open","ping_status":"open","sticky":false,"template":"","format":"standard","meta":{"tdm_status":"","tdm_grid_status":"","_joinchat":[],"footnotes":""},"categories":[63],"tags":[],"class_list":{"0":"post-71653","1":"post","2":"type-post","3":"status-publish","4":"format-standard","5":"has-post-thumbnail","7":"category-policiales"},"amp_enabled":true,"_links":{"self":[{"href":"https:\/\/www.todoeldia.com\/index.php\/wp-json\/wp\/v2\/posts\/71653","targetHints":{"allow":["GET"]}}],"collection":[{"href":"https:\/\/www.todoeldia.com\/index.php\/wp-json\/wp\/v2\/posts"}],"about":[{"href":"https:\/\/www.todoeldia.com\/index.php\/wp-json\/wp\/v2\/types\/post"}],"author":[{"embeddable":true,"href":"https:\/\/www.todoeldia.com\/index.php\/wp-json\/wp\/v2\/users\/2"}],"replies":[{"embeddable":true,"href":"https:\/\/www.todoeldia.com\/index.php\/wp-json\/wp\/v2\/comments?post=71653"}],"version-history":[{"count":1,"href":"https:\/\/www.todoeldia.com\/index.php\/wp-json\/wp\/v2\/posts\/71653\/revisions"}],"predecessor-version":[{"id":71658,"href":"https:\/\/www.todoeldia.com\/index.php\/wp-json\/wp\/v2\/posts\/71653\/revisions\/71658"}],"wp:featuredmedia":[{"embeddable":true,"href":"https:\/\/www.todoeldia.com\/index.php\/wp-json\/wp\/v2\/media\/71654"}],"wp:attachment":[{"href":"https:\/\/www.todoeldia.com\/index.php\/wp-json\/wp\/v2\/media?parent=71653"}],"wp:term":[{"taxonomy":"category","embeddable":true,"href":"https:\/\/www.todoeldia.com\/index.php\/wp-json\/wp\/v2\/categories?post=71653"},{"taxonomy":"post_tag","embeddable":true,"href":"https:\/\/www.todoeldia.com\/index.php\/wp-json\/wp\/v2\/tags?post=71653"}],"curies":[{"name":"wp","href":"https:\/\/api.w.org\/{rel}","templated":true}]}}