{"id":71690,"date":"2024-01-22T10:33:49","date_gmt":"2024-01-22T13:33:49","guid":{"rendered":"https:\/\/www.todoeldia.com\/?p=71690"},"modified":"2024-01-22T10:33:58","modified_gmt":"2024-01-22T13:33:58","slug":"discutieron-en-un-boliche-lo-siguio-y-desde-una-moto-a-otra-en-movimiento-lo-apunalo-en-el-brazo","status":"publish","type":"post","link":"https:\/\/www.todoeldia.com\/index.php\/2024\/01\/22\/discutieron-en-un-boliche-lo-siguio-y-desde-una-moto-a-otra-en-movimiento-lo-apunalo-en-el-brazo\/","title":{"rendered":"Discutieron en un boliche, lo sigui\u00f3 y desde una moto a otra en movimiento lo apu\u00f1al\u00f3 en el brazo"},"content":{"rendered":"\n<p>El damnificado sostuvo un altercado verbal con el presunto agresor dentro de un boliche, y al abandonar el lugar, este \u00faltimo, acompa\u00f1ado por otra persona, lo habr\u00eda seguido en una motocicleta. En medio de la marcha, el hombre habr\u00eda sido agredido, resultando con lesiones significativas en uno de sus brazos.<\/p>\n\n\n\n<p>La fiscal penal de Joaqu\u00edn V. Gonz\u00e1lez en feria, Mar\u00eda Celeste Garc\u00eda Pisacic, a trav\u00e9s de la delegaci\u00f3n Las Lajitas, imput\u00f3 de forma provisional a un hombre de 24 a\u00f1os como autor del delito de lesiones graves con arma blanca.<\/p>\n\n\n\n<p>Tras la audiencia de imputaci\u00f3n, desde la Fiscal\u00eda se solicit\u00f3 que permanezca detenido, mientras se cumplen diversas medidas solicitadas para lograr esclarecer lo sucedido.<\/p>\n\n\n\n<p>El incidente tuvo lugar en la localidad de Las Lajitas, cuando el damnificado sali\u00f3 de un boliche bailable, donde hab\u00eda mantenido un cruce de palabras con el acusado y se retiraba en su motocicleta.<\/p>\n\n\n\n<p>Seg\u00fan la denuncia presentada, fue seguido y mientras los rodados se encontraban en movimiento, el hombre de 24 extrajo un cuchillo de sus prendas y le habr\u00eda lanzado estocadas en uno de sus brazos, lesion\u00e1ndolo de gravedad, para luego huir.<\/p>\n\n\n\n<p>Tras el hecho, desde la Fiscal\u00eda se dispuso una inspecci\u00f3n ocular en el lugar del incidente, se realizaron entrevistas a testigos presenciales y se analizaron las grabaciones de c\u00e1maras de seguridad para esclarecer los detalles del incidente.<\/p>\n","protected":false},"excerpt":{"rendered":"<p>El damnificado sostuvo un altercado verbal con el presunto agresor dentro de un boliche, y al abandonar el lugar, este \u00faltimo, acompa\u00f1ado por otra persona, lo habr\u00eda seguido en una motocicleta. En medio de la marcha, el hombre habr\u00eda sido agredido, resultando con lesiones significativas en uno de sus brazos. La fiscal penal de Joaqu\u00edn [&hellip;]<\/p>\n","protected":false},"author":2,"featured_media":16618,"comment_status":"open","ping_status":"open","sticky":false,"template":"","format":"standard","meta":{"tdm_status":"","tdm_grid_status":"","_joinchat":[],"footnotes":""},"categories":[63],"tags":[],"class_list":{"0":"post-71690","1":"post","2":"type-post","3":"status-publish","4":"format-standard","5":"has-post-thumbnail","7":"category-policiales"},"amp_enabled":true,"_links":{"self":[{"href":"https:\/\/www.todoeldia.com\/index.php\/wp-json\/wp\/v2\/posts\/71690","targetHints":{"allow":["GET"]}}],"collection":[{"href":"https:\/\/www.todoeldia.com\/index.php\/wp-json\/wp\/v2\/posts"}],"about":[{"href":"https:\/\/www.todoeldia.com\/index.php\/wp-json\/wp\/v2\/types\/post"}],"author":[{"embeddable":true,"href":"https:\/\/www.todoeldia.com\/index.php\/wp-json\/wp\/v2\/users\/2"}],"replies":[{"embeddable":true,"href":"https:\/\/www.todoeldia.com\/index.php\/wp-json\/wp\/v2\/comments?post=71690"}],"version-history":[{"count":1,"href":"https:\/\/www.todoeldia.com\/index.php\/wp-json\/wp\/v2\/posts\/71690\/revisions"}],"predecessor-version":[{"id":71691,"href":"https:\/\/www.todoeldia.com\/index.php\/wp-json\/wp\/v2\/posts\/71690\/revisions\/71691"}],"wp:featuredmedia":[{"embeddable":true,"href":"https:\/\/www.todoeldia.com\/index.php\/wp-json\/wp\/v2\/media\/16618"}],"wp:attachment":[{"href":"https:\/\/www.todoeldia.com\/index.php\/wp-json\/wp\/v2\/media?parent=71690"}],"wp:term":[{"taxonomy":"category","embeddable":true,"href":"https:\/\/www.todoeldia.com\/index.php\/wp-json\/wp\/v2\/categories?post=71690"},{"taxonomy":"post_tag","embeddable":true,"href":"https:\/\/www.todoeldia.com\/index.php\/wp-json\/wp\/v2\/tags?post=71690"}],"curies":[{"name":"wp","href":"https:\/\/api.w.org\/{rel}","templated":true}]}}