{"id":71692,"date":"2024-01-22T10:38:30","date_gmt":"2024-01-22T13:38:30","guid":{"rendered":"https:\/\/www.todoeldia.com\/?p=71692"},"modified":"2024-01-22T10:38:30","modified_gmt":"2024-01-22T13:38:30","slug":"otros-285-conductores-ebrios-fueron-sancionados-el-fin-de-semana-por-la-policia","status":"publish","type":"post","link":"https:\/\/www.todoeldia.com\/index.php\/2024\/01\/22\/otros-285-conductores-ebrios-fueron-sancionados-el-fin-de-semana-por-la-policia\/","title":{"rendered":"Otros 285 conductores ebrios fueron sancionados el fin de semana por la Polic\u00eda"},"content":{"rendered":"\n<p>Durante el fin de semana la Polic\u00eda Vial labr\u00f3 1.238 infracciones a la normativa vial y se detectaron 285 conductores con graduaci\u00f3n alcoh\u00f3lica en sangre en el territorio provincial.<\/p>\n\n\n\n<figure class=\"wp-block-image size-full is-resized\"><img loading=\"lazy\" decoding=\"async\" width=\"768\" height=\"512\" src=\"https:\/\/www.todoeldia.com\/wp-content\/uploads\/2024\/01\/image-119.png\" alt=\"\" class=\"wp-image-71694\" style=\"width:1035px;height:auto\" srcset=\"https:\/\/www.todoeldia.com\/wp-content\/uploads\/2024\/01\/image-119.png 768w, https:\/\/www.todoeldia.com\/wp-content\/uploads\/2024\/01\/image-119-300x200.png 300w, https:\/\/www.todoeldia.com\/wp-content\/uploads\/2024\/01\/image-119-696x464.png 696w, https:\/\/www.todoeldia.com\/wp-content\/uploads\/2024\/01\/image-119-630x420.png 630w\" sizes=\"auto, (max-width: 768px) 100vw, 768px\" \/><\/figure>\n\n\n\n<p>Durante este fin de semana se fiscalizaron 12.065 veh\u00edculos en puntos de control fijos y m\u00f3viles implantados en rutas provinciales, nacionales y ejidos urbanos de toda la provincia.<\/p>\n","protected":false},"excerpt":{"rendered":"<p>Durante el fin de semana la Polic\u00eda Vial labr\u00f3 1.238 infracciones a la normativa vial y se detectaron 285 conductores con graduaci\u00f3n alcoh\u00f3lica en sangre en el territorio provincial. Durante este fin de semana se fiscalizaron 12.065 veh\u00edculos en puntos de control fijos y m\u00f3viles implantados en rutas provinciales, nacionales y ejidos urbanos de toda [&hellip;]<\/p>\n","protected":false},"author":2,"featured_media":71693,"comment_status":"open","ping_status":"open","sticky":false,"template":"","format":"standard","meta":{"tdm_status":"","tdm_grid_status":"","_joinchat":[],"footnotes":""},"categories":[63],"tags":[],"class_list":{"0":"post-71692","1":"post","2":"type-post","3":"status-publish","4":"format-standard","5":"has-post-thumbnail","7":"category-policiales"},"amp_enabled":true,"_links":{"self":[{"href":"https:\/\/www.todoeldia.com\/index.php\/wp-json\/wp\/v2\/posts\/71692","targetHints":{"allow":["GET"]}}],"collection":[{"href":"https:\/\/www.todoeldia.com\/index.php\/wp-json\/wp\/v2\/posts"}],"about":[{"href":"https:\/\/www.todoeldia.com\/index.php\/wp-json\/wp\/v2\/types\/post"}],"author":[{"embeddable":true,"href":"https:\/\/www.todoeldia.com\/index.php\/wp-json\/wp\/v2\/users\/2"}],"replies":[{"embeddable":true,"href":"https:\/\/www.todoeldia.com\/index.php\/wp-json\/wp\/v2\/comments?post=71692"}],"version-history":[{"count":1,"href":"https:\/\/www.todoeldia.com\/index.php\/wp-json\/wp\/v2\/posts\/71692\/revisions"}],"predecessor-version":[{"id":71695,"href":"https:\/\/www.todoeldia.com\/index.php\/wp-json\/wp\/v2\/posts\/71692\/revisions\/71695"}],"wp:featuredmedia":[{"embeddable":true,"href":"https:\/\/www.todoeldia.com\/index.php\/wp-json\/wp\/v2\/media\/71693"}],"wp:attachment":[{"href":"https:\/\/www.todoeldia.com\/index.php\/wp-json\/wp\/v2\/media?parent=71692"}],"wp:term":[{"taxonomy":"category","embeddable":true,"href":"https:\/\/www.todoeldia.com\/index.php\/wp-json\/wp\/v2\/categories?post=71692"},{"taxonomy":"post_tag","embeddable":true,"href":"https:\/\/www.todoeldia.com\/index.php\/wp-json\/wp\/v2\/tags?post=71692"}],"curies":[{"name":"wp","href":"https:\/\/api.w.org\/{rel}","templated":true}]}}