{"id":71711,"date":"2024-01-22T13:08:55","date_gmt":"2024-01-22T16:08:55","guid":{"rendered":"https:\/\/www.todoeldia.com\/?p=71711"},"modified":"2024-01-22T13:08:55","modified_gmt":"2024-01-22T16:08:55","slug":"los-comercios-de-salta-atenderan-normalmente-el-dia-del-paro-de-la-cgt","status":"publish","type":"post","link":"https:\/\/www.todoeldia.com\/index.php\/2024\/01\/22\/los-comercios-de-salta-atenderan-normalmente-el-dia-del-paro-de-la-cgt\/","title":{"rendered":"Los comercios de Salta atender\u00e1n normalmente el d\u00eda del paro de la CGT"},"content":{"rendered":"\n<p>El presidente de la C\u00e1mara de Comercio e Industria de Salta, Gustavo Herrera, asegur\u00f3 que los empleados de comercio no se sumar\u00e1n al paro convocado por la CGT para el pr\u00f3ximo mi\u00e9rcoles.<\/p>\n\n\n\n<p>Indic\u00f3 el sector comercial busca incrementar sus ventas, y la adhesi\u00f3n al paro provocar\u00eda significativas p\u00e9rdidas econ\u00f3micas para los comercios locales.<\/p>\n\n\n\n<p>De esta manera los comercios atender\u00e1n normalmente el d\u00eda mi\u00e9rcoles 24.<\/p>\n","protected":false},"excerpt":{"rendered":"<p>El presidente de la C\u00e1mara de Comercio e Industria de Salta, Gustavo Herrera, asegur\u00f3 que los empleados de comercio no se sumar\u00e1n al paro convocado por la CGT para el pr\u00f3ximo mi\u00e9rcoles. Indic\u00f3 el sector comercial busca incrementar sus ventas, y la adhesi\u00f3n al paro provocar\u00eda significativas p\u00e9rdidas econ\u00f3micas para los comercios locales. De esta [&hellip;]<\/p>\n","protected":false},"author":2,"featured_media":64063,"comment_status":"open","ping_status":"open","sticky":false,"template":"","format":"standard","meta":{"tdm_status":"","tdm_grid_status":"","_joinchat":[],"footnotes":""},"categories":[60],"tags":[],"class_list":{"0":"post-71711","1":"post","2":"type-post","3":"status-publish","4":"format-standard","5":"has-post-thumbnail","7":"category-economia"},"amp_enabled":true,"_links":{"self":[{"href":"https:\/\/www.todoeldia.com\/index.php\/wp-json\/wp\/v2\/posts\/71711","targetHints":{"allow":["GET"]}}],"collection":[{"href":"https:\/\/www.todoeldia.com\/index.php\/wp-json\/wp\/v2\/posts"}],"about":[{"href":"https:\/\/www.todoeldia.com\/index.php\/wp-json\/wp\/v2\/types\/post"}],"author":[{"embeddable":true,"href":"https:\/\/www.todoeldia.com\/index.php\/wp-json\/wp\/v2\/users\/2"}],"replies":[{"embeddable":true,"href":"https:\/\/www.todoeldia.com\/index.php\/wp-json\/wp\/v2\/comments?post=71711"}],"version-history":[{"count":1,"href":"https:\/\/www.todoeldia.com\/index.php\/wp-json\/wp\/v2\/posts\/71711\/revisions"}],"predecessor-version":[{"id":71712,"href":"https:\/\/www.todoeldia.com\/index.php\/wp-json\/wp\/v2\/posts\/71711\/revisions\/71712"}],"wp:featuredmedia":[{"embeddable":true,"href":"https:\/\/www.todoeldia.com\/index.php\/wp-json\/wp\/v2\/media\/64063"}],"wp:attachment":[{"href":"https:\/\/www.todoeldia.com\/index.php\/wp-json\/wp\/v2\/media?parent=71711"}],"wp:term":[{"taxonomy":"category","embeddable":true,"href":"https:\/\/www.todoeldia.com\/index.php\/wp-json\/wp\/v2\/categories?post=71711"},{"taxonomy":"post_tag","embeddable":true,"href":"https:\/\/www.todoeldia.com\/index.php\/wp-json\/wp\/v2\/tags?post=71711"}],"curies":[{"name":"wp","href":"https:\/\/api.w.org\/{rel}","templated":true}]}}