{"id":71717,"date":"2024-01-22T13:25:46","date_gmt":"2024-01-22T16:25:46","guid":{"rendered":"https:\/\/www.todoeldia.com\/?p=71717"},"modified":"2024-01-22T13:25:46","modified_gmt":"2024-01-22T16:25:46","slug":"balearon-a-la-hija-de-un-custodio-de-patricia-bullrich-durante-un-robo-en-lomas-de-zamora","status":"publish","type":"post","link":"https:\/\/www.todoeldia.com\/index.php\/2024\/01\/22\/balearon-a-la-hija-de-un-custodio-de-patricia-bullrich-durante-un-robo-en-lomas-de-zamora\/","title":{"rendered":"Balearon a la hija de un custodio de Patricia Bullrich durante un robo en Lomas de Zamora"},"content":{"rendered":"\n<p>La menor, de 9 a\u00f1os, fue trasladada de urgencia con una herida de arma de fuego en la nuca al Hospital Churruca. Se encuentra internada con pron\u00f3stico reservado. La madre tambi\u00e9n es miembro de la Polic\u00eda Federal y estuvo presente al momento del ataque.<\/p>\n\n\n\n<p>Hoy por la ma\u00f1ana, una nena de 9 a\u00f1os fue baleada en la nuca durante un robo en Lomas de Zamora, a pocos metros de su casa. El hecho fue cometido frente a sus padres, ambos efectivos de la Polic\u00eda Federal. Su padre, seg\u00fan confirmaron fuentes del caso, integra la custodia de la ministra de Seguridad Patricia Bullrich; la madre integra el \u00e1rea de Polic\u00eda Cient\u00edfica. El pron\u00f3stico de la v\u00edctima, ahora internada en el hospital Churruca, es reservado, aunque no cr\u00edtico.<\/p>\n\n\n\n<p>El hecho ocurri\u00f3 en la localidad de Villa Centenario, donde los padres de la menor herida fueron sorprendidos por dos ladrones armados cuando circulaban en su Ford Ka. Los asaltantes se movilizaban en un Toyota Corolla negro y dispararon contra el veh\u00edculo en el que viajaban los polic\u00edas con su hija. Uno de los plomos impact\u00f3 en la ventanilla de la puerta trasera, del lado derecho, donde viajaba la menor, precisaron investigadores. Por lo pronto, se desconoce si los padres de la menor dispararon de vuelta.<\/p>\n","protected":false},"excerpt":{"rendered":"<p>La menor, de 9 a\u00f1os, fue trasladada de urgencia con una herida de arma de fuego en la nuca al Hospital Churruca. Se encuentra internada con pron\u00f3stico reservado. La madre tambi\u00e9n es miembro de la Polic\u00eda Federal y estuvo presente al momento del ataque. Hoy por la ma\u00f1ana, una nena de 9 a\u00f1os fue baleada [&hellip;]<\/p>\n","protected":false},"author":2,"featured_media":71718,"comment_status":"open","ping_status":"open","sticky":false,"template":"","format":"standard","meta":{"tdm_status":"","tdm_grid_status":"","_joinchat":[],"footnotes":""},"categories":[63],"tags":[],"class_list":{"0":"post-71717","1":"post","2":"type-post","3":"status-publish","4":"format-standard","5":"has-post-thumbnail","7":"category-policiales"},"amp_enabled":true,"_links":{"self":[{"href":"https:\/\/www.todoeldia.com\/index.php\/wp-json\/wp\/v2\/posts\/71717","targetHints":{"allow":["GET"]}}],"collection":[{"href":"https:\/\/www.todoeldia.com\/index.php\/wp-json\/wp\/v2\/posts"}],"about":[{"href":"https:\/\/www.todoeldia.com\/index.php\/wp-json\/wp\/v2\/types\/post"}],"author":[{"embeddable":true,"href":"https:\/\/www.todoeldia.com\/index.php\/wp-json\/wp\/v2\/users\/2"}],"replies":[{"embeddable":true,"href":"https:\/\/www.todoeldia.com\/index.php\/wp-json\/wp\/v2\/comments?post=71717"}],"version-history":[{"count":1,"href":"https:\/\/www.todoeldia.com\/index.php\/wp-json\/wp\/v2\/posts\/71717\/revisions"}],"predecessor-version":[{"id":71719,"href":"https:\/\/www.todoeldia.com\/index.php\/wp-json\/wp\/v2\/posts\/71717\/revisions\/71719"}],"wp:featuredmedia":[{"embeddable":true,"href":"https:\/\/www.todoeldia.com\/index.php\/wp-json\/wp\/v2\/media\/71718"}],"wp:attachment":[{"href":"https:\/\/www.todoeldia.com\/index.php\/wp-json\/wp\/v2\/media?parent=71717"}],"wp:term":[{"taxonomy":"category","embeddable":true,"href":"https:\/\/www.todoeldia.com\/index.php\/wp-json\/wp\/v2\/categories?post=71717"},{"taxonomy":"post_tag","embeddable":true,"href":"https:\/\/www.todoeldia.com\/index.php\/wp-json\/wp\/v2\/tags?post=71717"}],"curies":[{"name":"wp","href":"https:\/\/api.w.org\/{rel}","templated":true}]}}