{"id":71720,"date":"2024-01-22T14:24:20","date_gmt":"2024-01-22T17:24:20","guid":{"rendered":"https:\/\/www.todoeldia.com\/?p=71720"},"modified":"2024-01-22T14:24:20","modified_gmt":"2024-01-22T17:24:20","slug":"le-incendiaron-el-camion-a-un-trabajador-de-la-union-de-trabajadores-de-la-tierra-de-oran","status":"publish","type":"post","link":"https:\/\/www.todoeldia.com\/index.php\/2024\/01\/22\/le-incendiaron-el-camion-a-un-trabajador-de-la-union-de-trabajadores-de-la-tierra-de-oran\/","title":{"rendered":"Le incendiaron el cami\u00f3n a un trabajador de la Uni\u00f3n de trabajadores de la Tierra de Or\u00e1n"},"content":{"rendered":"\n<p>Jos\u00e9 Fari\u00f1a de la UTT hizo saber a trav\u00e9s de las redes sociales sobre el pedido de ayuda para un compa\u00f1ero de los trabajadores de la tierra, se trata de Fabio Cruz que ven\u00eda en un cami\u00f3n Ford 350 desde Colonia Santa Rosa a Or\u00e1n con carga de bananas. En medio de la ruta pinch\u00f3 una rueda y se traslad\u00f3 hasta Or\u00e1n para conseguir auxilio, cuando regres\u00f3 se encontr\u00f3 con su veh\u00edculo quemado.<\/p>\n\n\n\n<figure class=\"wp-block-image size-full is-resized\"><img loading=\"lazy\" decoding=\"async\" width=\"960\" height=\"540\" src=\"https:\/\/www.todoeldia.com\/wp-content\/uploads\/2024\/01\/image-109.png\" alt=\"\" class=\"wp-image-71655\" style=\"width:1068px;height:auto\" srcset=\"https:\/\/www.todoeldia.com\/wp-content\/uploads\/2024\/01\/image-109.png 960w, https:\/\/www.todoeldia.com\/wp-content\/uploads\/2024\/01\/image-109-300x169.png 300w, https:\/\/www.todoeldia.com\/wp-content\/uploads\/2024\/01\/image-109-768x432.png 768w, https:\/\/www.todoeldia.com\/wp-content\/uploads\/2024\/01\/image-109-696x392.png 696w, https:\/\/www.todoeldia.com\/wp-content\/uploads\/2024\/01\/image-109-747x420.png 747w\" sizes=\"auto, (max-width: 960px) 100vw, 960px\" \/><\/figure>\n\n\n\n<p>Por la situaci\u00f3n piden colaboraci\u00f3n para ayudar a Cruz, siendo el n\u00famero de celular 3878 443196.<\/p>\n","protected":false},"excerpt":{"rendered":"<p>Jos\u00e9 Fari\u00f1a de la UTT hizo saber a trav\u00e9s de las redes sociales sobre el pedido de ayuda para un compa\u00f1ero de los trabajadores de la tierra, se trata de Fabio Cruz que ven\u00eda en un cami\u00f3n Ford 350 desde Colonia Santa Rosa a Or\u00e1n con carga de bananas. En medio de la ruta pinch\u00f3 [&hellip;]<\/p>\n","protected":false},"author":2,"featured_media":71654,"comment_status":"open","ping_status":"open","sticky":false,"template":"","format":"standard","meta":{"tdm_status":"","tdm_grid_status":"","_joinchat":[],"footnotes":""},"categories":[63],"tags":[],"class_list":{"0":"post-71720","1":"post","2":"type-post","3":"status-publish","4":"format-standard","5":"has-post-thumbnail","7":"category-policiales"},"amp_enabled":true,"_links":{"self":[{"href":"https:\/\/www.todoeldia.com\/index.php\/wp-json\/wp\/v2\/posts\/71720","targetHints":{"allow":["GET"]}}],"collection":[{"href":"https:\/\/www.todoeldia.com\/index.php\/wp-json\/wp\/v2\/posts"}],"about":[{"href":"https:\/\/www.todoeldia.com\/index.php\/wp-json\/wp\/v2\/types\/post"}],"author":[{"embeddable":true,"href":"https:\/\/www.todoeldia.com\/index.php\/wp-json\/wp\/v2\/users\/2"}],"replies":[{"embeddable":true,"href":"https:\/\/www.todoeldia.com\/index.php\/wp-json\/wp\/v2\/comments?post=71720"}],"version-history":[{"count":1,"href":"https:\/\/www.todoeldia.com\/index.php\/wp-json\/wp\/v2\/posts\/71720\/revisions"}],"predecessor-version":[{"id":71721,"href":"https:\/\/www.todoeldia.com\/index.php\/wp-json\/wp\/v2\/posts\/71720\/revisions\/71721"}],"wp:featuredmedia":[{"embeddable":true,"href":"https:\/\/www.todoeldia.com\/index.php\/wp-json\/wp\/v2\/media\/71654"}],"wp:attachment":[{"href":"https:\/\/www.todoeldia.com\/index.php\/wp-json\/wp\/v2\/media?parent=71720"}],"wp:term":[{"taxonomy":"category","embeddable":true,"href":"https:\/\/www.todoeldia.com\/index.php\/wp-json\/wp\/v2\/categories?post=71720"},{"taxonomy":"post_tag","embeddable":true,"href":"https:\/\/www.todoeldia.com\/index.php\/wp-json\/wp\/v2\/tags?post=71720"}],"curies":[{"name":"wp","href":"https:\/\/api.w.org\/{rel}","templated":true}]}}