{"id":71729,"date":"2024-01-22T16:40:14","date_gmt":"2024-01-22T19:40:14","guid":{"rendered":"https:\/\/www.todoeldia.com\/?p=71729"},"modified":"2024-01-22T16:40:15","modified_gmt":"2024-01-22T19:40:15","slug":"murio-la-hija-del-custodio-de-patricia-bullrich-que-habia-sido-baleada-en-un-intento-de-asalto","status":"publish","type":"post","link":"https:\/\/www.todoeldia.com\/index.php\/2024\/01\/22\/murio-la-hija-del-custodio-de-patricia-bullrich-que-habia-sido-baleada-en-un-intento-de-asalto\/","title":{"rendered":"Muri\u00f3 la hija del custodio de Patricia Bullrich que hab\u00eda sido baleada en un intento de asalto"},"content":{"rendered":"\n<p>Lo confirm\u00f3 la ministra de Seguridad en sus redes sociales. La nena recibi\u00f3 dos disparos cuando viajaba en auto junto a sus padres.<\/p>\n\n\n\n<p>La hija de 9 a\u00f1os de un custodio de la ministra de Seguridad, Patricia Bullrich, que fue baleada por delincuentes que trataron de robarles cuando iban en auto desde su casa en Lomas de Zamora a una consulta m\u00e9dica muri\u00f3 este lunes por la tarde. As\u00ed lo confirm\u00f3 la titular de la cartera de Seguridad nacional.<\/p>\n\n\n\n<figure class=\"wp-block-image size-large\"><img loading=\"lazy\" decoding=\"async\" width=\"1024\" height=\"338\" src=\"https:\/\/www.todoeldia.com\/wp-content\/uploads\/2024\/01\/image-122-1024x338.png\" alt=\"\" class=\"wp-image-71731\" srcset=\"https:\/\/www.todoeldia.com\/wp-content\/uploads\/2024\/01\/image-122-1024x338.png 1024w, https:\/\/www.todoeldia.com\/wp-content\/uploads\/2024\/01\/image-122-300x99.png 300w, https:\/\/www.todoeldia.com\/wp-content\/uploads\/2024\/01\/image-122-768x253.png 768w, https:\/\/www.todoeldia.com\/wp-content\/uploads\/2024\/01\/image-122-696x230.png 696w, https:\/\/www.todoeldia.com\/wp-content\/uploads\/2024\/01\/image-122-1068x352.png 1068w, https:\/\/www.todoeldia.com\/wp-content\/uploads\/2024\/01\/image-122-1273x420.png 1273w, https:\/\/www.todoeldia.com\/wp-content\/uploads\/2024\/01\/image-122.png 1440w\" sizes=\"auto, (max-width: 1024px) 100vw, 1024px\" \/><\/figure>\n\n\n\n<p>\u201cAsesinaron a Umma. Estos criminales no tienen perd\u00f3n. Los vamos a buscar hasta encontrarlos. Estamos junto a sus padres, Mar\u00eda Eugenia y Eduardo, en este terrible momento y profundo dolor\u201d, dijo Bullrich.<\/p>\n\n\n\n<p>La menor recibi\u00f3 dos disparos, en la cabeza y en la mano. Inicialmente, estuvo internada en el Hospital Gandulfo y luego fue trasladada en helic\u00f3ptero al Churruca.<\/p>\n\n\n\n<p>Seg\u00fan el relato de los vecinos, el matrimonio y su hija fueron sorprendidos por ladrones que trataron de robarles cuando sal\u00edan de la casa en su Ford Ka gris. Fueron atacados a balazos por delincuentes que se movilizaban en un Toyota Corolla negro, en Villa Centenario, con el objetivo de robarles el veh\u00edculo. Luego escaparon del lugar.<\/p>\n\n\n\n<p>La nena era hija del matrimonio integrado por Mar\u00eda \u00c1lvarez Rodr\u00edguez, que trabaja en la Superintendencia de Divisi\u00f3n de rastros, y su pareja, Eduardo Aguilera, tambi\u00e9n de la PFA y que es custodio de la ministra de Seguridad.<\/p>\n","protected":false},"excerpt":{"rendered":"<p>Lo confirm\u00f3 la ministra de Seguridad en sus redes sociales. La nena recibi\u00f3 dos disparos cuando viajaba en auto junto a sus padres. La hija de 9 a\u00f1os de un custodio de la ministra de Seguridad, Patricia Bullrich, que fue baleada por delincuentes que trataron de robarles cuando iban en auto desde su casa en [&hellip;]<\/p>\n","protected":false},"author":2,"featured_media":71730,"comment_status":"open","ping_status":"open","sticky":false,"template":"","format":"standard","meta":{"tdm_status":"","tdm_grid_status":"","_joinchat":[],"footnotes":""},"categories":[63],"tags":[],"class_list":{"0":"post-71729","1":"post","2":"type-post","3":"status-publish","4":"format-standard","5":"has-post-thumbnail","7":"category-policiales"},"amp_enabled":true,"_links":{"self":[{"href":"https:\/\/www.todoeldia.com\/index.php\/wp-json\/wp\/v2\/posts\/71729","targetHints":{"allow":["GET"]}}],"collection":[{"href":"https:\/\/www.todoeldia.com\/index.php\/wp-json\/wp\/v2\/posts"}],"about":[{"href":"https:\/\/www.todoeldia.com\/index.php\/wp-json\/wp\/v2\/types\/post"}],"author":[{"embeddable":true,"href":"https:\/\/www.todoeldia.com\/index.php\/wp-json\/wp\/v2\/users\/2"}],"replies":[{"embeddable":true,"href":"https:\/\/www.todoeldia.com\/index.php\/wp-json\/wp\/v2\/comments?post=71729"}],"version-history":[{"count":1,"href":"https:\/\/www.todoeldia.com\/index.php\/wp-json\/wp\/v2\/posts\/71729\/revisions"}],"predecessor-version":[{"id":71732,"href":"https:\/\/www.todoeldia.com\/index.php\/wp-json\/wp\/v2\/posts\/71729\/revisions\/71732"}],"wp:featuredmedia":[{"embeddable":true,"href":"https:\/\/www.todoeldia.com\/index.php\/wp-json\/wp\/v2\/media\/71730"}],"wp:attachment":[{"href":"https:\/\/www.todoeldia.com\/index.php\/wp-json\/wp\/v2\/media?parent=71729"}],"wp:term":[{"taxonomy":"category","embeddable":true,"href":"https:\/\/www.todoeldia.com\/index.php\/wp-json\/wp\/v2\/categories?post=71729"},{"taxonomy":"post_tag","embeddable":true,"href":"https:\/\/www.todoeldia.com\/index.php\/wp-json\/wp\/v2\/tags?post=71729"}],"curies":[{"name":"wp","href":"https:\/\/api.w.org\/{rel}","templated":true}]}}