{"id":71733,"date":"2024-01-22T16:49:05","date_gmt":"2024-01-22T19:49:05","guid":{"rendered":"https:\/\/www.todoeldia.com\/?p=71733"},"modified":"2024-01-22T16:49:05","modified_gmt":"2024-01-22T19:49:05","slug":"secuestran-en-oran-36-kilos-de-cocaina-valuada-en-europa-en-mas-de-400-millones-de-pesos","status":"publish","type":"post","link":"https:\/\/www.todoeldia.com\/index.php\/2024\/01\/22\/secuestran-en-oran-36-kilos-de-cocaina-valuada-en-europa-en-mas-de-400-millones-de-pesos\/","title":{"rendered":"Secuestran en Or\u00e1n 36 kilos de coca\u00edna valuada en Europa en m\u00e1s de 400 millones de pesos"},"content":{"rendered":"\n<p>El s\u00e1bado en horas de la tarde, personal de Gendarmer\u00eda Nacional patrullaba a pie por el monte circundante al sector denominado \u201cEl Murall\u00f3n\u201d cuando observaron a cuatro hombres transportando 3 mochilas. Al dar la voz de alto en nombre de la instituci\u00f3n, arrojan lo que ten\u00edan en su poder y se dieron a la fuga.<\/p>\n\n\n\n<p>Al momento de realizar la requisa correspondiente secuestraron 35 paquetes rectangulares contiendo 36 kilos de coca\u00edna.<\/p>\n\n\n\n<p>La droga que sale de un laboratorio en Bolivia puede multiplicarse diez veces hasta que es entregada en Espa\u00f1a.<\/p>\n\n\n\n<p>Reci\u00e9n elaborada, la coca\u00edna tiene un precio de 2000 d\u00f3lares el kilo, un valor que mantuvo en la \u00faltima d\u00e9cada. Luego, ese precio aumenta con los costos que supone un pase de manos y un transporte. En el l\u00edmite entre Salta y Bolivia, adquiere un valor de 2800 d\u00f3lares. \u201cPuesta\u201d (v\u00eda \u00e1rea o terrestre) en la provincia del norte argentino, pega el primer salto: pasa a valer entre 3800 y 4000 d\u00f3lares. Si la droga tiene como origen Per\u00fa, se suman unos 300 d\u00f3lares extra. Al llegar a Espa\u00f1a, oculta en conteiner de mercader\u00eda en buques de carga, o transportada en veleros, puede valer 30 mil euros, otro valor hist\u00f3rico que se mantiene en el tiempo.<\/p>\n","protected":false},"excerpt":{"rendered":"<p>El s\u00e1bado en horas de la tarde, personal de Gendarmer\u00eda Nacional patrullaba a pie por el monte circundante al sector denominado \u201cEl Murall\u00f3n\u201d cuando observaron a cuatro hombres transportando 3 mochilas. Al dar la voz de alto en nombre de la instituci\u00f3n, arrojan lo que ten\u00edan en su poder y se dieron a la fuga. [&hellip;]<\/p>\n","protected":false},"author":2,"featured_media":71734,"comment_status":"open","ping_status":"open","sticky":false,"template":"","format":"standard","meta":{"tdm_status":"","tdm_grid_status":"","_joinchat":[],"footnotes":""},"categories":[63],"tags":[],"class_list":{"0":"post-71733","1":"post","2":"type-post","3":"status-publish","4":"format-standard","5":"has-post-thumbnail","7":"category-policiales"},"amp_enabled":true,"_links":{"self":[{"href":"https:\/\/www.todoeldia.com\/index.php\/wp-json\/wp\/v2\/posts\/71733","targetHints":{"allow":["GET"]}}],"collection":[{"href":"https:\/\/www.todoeldia.com\/index.php\/wp-json\/wp\/v2\/posts"}],"about":[{"href":"https:\/\/www.todoeldia.com\/index.php\/wp-json\/wp\/v2\/types\/post"}],"author":[{"embeddable":true,"href":"https:\/\/www.todoeldia.com\/index.php\/wp-json\/wp\/v2\/users\/2"}],"replies":[{"embeddable":true,"href":"https:\/\/www.todoeldia.com\/index.php\/wp-json\/wp\/v2\/comments?post=71733"}],"version-history":[{"count":1,"href":"https:\/\/www.todoeldia.com\/index.php\/wp-json\/wp\/v2\/posts\/71733\/revisions"}],"predecessor-version":[{"id":71735,"href":"https:\/\/www.todoeldia.com\/index.php\/wp-json\/wp\/v2\/posts\/71733\/revisions\/71735"}],"wp:featuredmedia":[{"embeddable":true,"href":"https:\/\/www.todoeldia.com\/index.php\/wp-json\/wp\/v2\/media\/71734"}],"wp:attachment":[{"href":"https:\/\/www.todoeldia.com\/index.php\/wp-json\/wp\/v2\/media?parent=71733"}],"wp:term":[{"taxonomy":"category","embeddable":true,"href":"https:\/\/www.todoeldia.com\/index.php\/wp-json\/wp\/v2\/categories?post=71733"},{"taxonomy":"post_tag","embeddable":true,"href":"https:\/\/www.todoeldia.com\/index.php\/wp-json\/wp\/v2\/tags?post=71733"}],"curies":[{"name":"wp","href":"https:\/\/api.w.org\/{rel}","templated":true}]}}