{"id":71736,"date":"2024-01-22T17:05:56","date_gmt":"2024-01-22T20:05:56","guid":{"rendered":"https:\/\/www.todoeldia.com\/?p=71736"},"modified":"2024-01-22T17:05:56","modified_gmt":"2024-01-22T20:05:56","slug":"quienes-son-los-dos-delincuentes-que-mataron-a-la-hija-del-custodio-de-patricia-bullrich-en-lomas-de-zamora","status":"publish","type":"post","link":"https:\/\/www.todoeldia.com\/index.php\/2024\/01\/22\/quienes-son-los-dos-delincuentes-que-mataron-a-la-hija-del-custodio-de-patricia-bullrich-en-lomas-de-zamora\/","title":{"rendered":"Qui\u00e9nes son los dos delincuentes que mataron a la hija del custodio de Patricia Bullrich en Lomas de Zamora"},"content":{"rendered":"\n<p>Los asaltantes fueron identificados como Alan Lionel Vergara y Ulises Mart\u00edn Aguirre. Ambos est\u00e1n pr\u00f3fugos y son intensamente buscados por la polic\u00eda.<\/p>\n\n\n\n<p>Los dos delincuentes que mataron a la hija del custodio de Patricia Bullrich lograron ser identificados por la polic\u00eda. Ambos fueron reconocidos como Alan Lionel Vergara y Ulises Mart\u00edn Aguirre, seg\u00fan informaron fuentes policiales TN.<\/p>\n\n\n\n<figure class=\"wp-block-image size-full is-resized\"><img loading=\"lazy\" decoding=\"async\" width=\"800\" height=\"450\" src=\"https:\/\/www.todoeldia.com\/wp-content\/uploads\/2024\/01\/toyota-asesinos-de-umma.jpg\" alt=\"\" class=\"wp-image-71738\" style=\"width:1035px;height:auto\" srcset=\"https:\/\/www.todoeldia.com\/wp-content\/uploads\/2024\/01\/toyota-asesinos-de-umma.jpg 800w, https:\/\/www.todoeldia.com\/wp-content\/uploads\/2024\/01\/toyota-asesinos-de-umma-300x169.jpg 300w, https:\/\/www.todoeldia.com\/wp-content\/uploads\/2024\/01\/toyota-asesinos-de-umma-768x432.jpg 768w, https:\/\/www.todoeldia.com\/wp-content\/uploads\/2024\/01\/toyota-asesinos-de-umma-696x392.jpg 696w, https:\/\/www.todoeldia.com\/wp-content\/uploads\/2024\/01\/toyota-asesinos-de-umma-747x420.jpg 747w\" sizes=\"auto, (max-width: 800px) 100vw, 800px\" \/><\/figure>\n\n\n\n<p>Tanto Vergara y Aguirre est\u00e1n siendo intensamente buscados por las autoridades. Aguirre tiene 28 a\u00f1os y domicilio en Lomas de Zamora, partido en donde ocurri\u00f3 el brutal crimen de Umma esta ma\u00f1ana.<\/p>\n\n\n\n<p>El Toyota Corolla negro en el que se movilizaban fue encontrado esta tarde y est\u00e1 siendo peritado por la Polic\u00eda Cient\u00edfica. Los delincuentes lo robaron y lo abandonaron en Villa Fiorito.<\/p>\n\n\n\n<figure class=\"wp-block-embed is-type-video is-provider-youtube wp-block-embed-youtube wp-embed-aspect-16-9 wp-has-aspect-ratio\"><div class=\"wp-block-embed__wrapper\">\n<iframe loading=\"lazy\" title=\"As\u00ed BALEARON a la HIJA de un CUSTODIO de PATRICIA BULLRICH durante un intento de ROBO\" width=\"696\" height=\"392\" src=\"https:\/\/www.youtube.com\/embed\/YGIgYZeU2ow?feature=oembed\" frameborder=\"0\" allow=\"accelerometer; autoplay; clipboard-write; encrypted-media; gyroscope; picture-in-picture; web-share\" allowfullscreen><\/iframe>\n<\/div><\/figure>\n\n\n\n<p>As\u00ed fue el crimen de la hija del custodio de Patricia Bullrich<\/p>\n\n\n\n<p>El asalto fue la ma\u00f1ana de este lunes, en la intersecci\u00f3n de las calles P\u00edo Baroja y Par\u00eds, de Lomas de Zamora. En la grabaci\u00f3n se puede ver que el Ford Ka, manejado por Aguilera, estaba saliendo de la propiedad. En ese momento, dos delincuentes que iban en un Toyota Corolla negro frenaron delante de ellos e intentaron robarles.<\/p>\n\n\n\n<p>Seg\u00fan se puede ver en las im\u00e1genes, Aguilera aceler\u00f3 su veh\u00edculo mientras violentamente uno de los ladrones le apuntaba con un arma. Al ver que no iba a poder asaltarlo, efectu\u00f3 dos disparos. Uno de ellos impact\u00f3 en el cuello y otro en la mano de Umma.<\/p>\n","protected":false},"excerpt":{"rendered":"<p>Los asaltantes fueron identificados como Alan Lionel Vergara y Ulises Mart\u00edn Aguirre. Ambos est\u00e1n pr\u00f3fugos y son intensamente buscados por la polic\u00eda. Los dos delincuentes que mataron a la hija del custodio de Patricia Bullrich lograron ser identificados por la polic\u00eda. Ambos fueron reconocidos como Alan Lionel Vergara y Ulises Mart\u00edn Aguirre, seg\u00fan informaron fuentes [&hellip;]<\/p>\n","protected":false},"author":2,"featured_media":71737,"comment_status":"open","ping_status":"open","sticky":false,"template":"","format":"standard","meta":{"tdm_status":"","tdm_grid_status":"","_joinchat":[],"footnotes":""},"categories":[63],"tags":[],"class_list":{"0":"post-71736","1":"post","2":"type-post","3":"status-publish","4":"format-standard","5":"has-post-thumbnail","7":"category-policiales"},"amp_enabled":true,"_links":{"self":[{"href":"https:\/\/www.todoeldia.com\/index.php\/wp-json\/wp\/v2\/posts\/71736","targetHints":{"allow":["GET"]}}],"collection":[{"href":"https:\/\/www.todoeldia.com\/index.php\/wp-json\/wp\/v2\/posts"}],"about":[{"href":"https:\/\/www.todoeldia.com\/index.php\/wp-json\/wp\/v2\/types\/post"}],"author":[{"embeddable":true,"href":"https:\/\/www.todoeldia.com\/index.php\/wp-json\/wp\/v2\/users\/2"}],"replies":[{"embeddable":true,"href":"https:\/\/www.todoeldia.com\/index.php\/wp-json\/wp\/v2\/comments?post=71736"}],"version-history":[{"count":1,"href":"https:\/\/www.todoeldia.com\/index.php\/wp-json\/wp\/v2\/posts\/71736\/revisions"}],"predecessor-version":[{"id":71739,"href":"https:\/\/www.todoeldia.com\/index.php\/wp-json\/wp\/v2\/posts\/71736\/revisions\/71739"}],"wp:featuredmedia":[{"embeddable":true,"href":"https:\/\/www.todoeldia.com\/index.php\/wp-json\/wp\/v2\/media\/71737"}],"wp:attachment":[{"href":"https:\/\/www.todoeldia.com\/index.php\/wp-json\/wp\/v2\/media?parent=71736"}],"wp:term":[{"taxonomy":"category","embeddable":true,"href":"https:\/\/www.todoeldia.com\/index.php\/wp-json\/wp\/v2\/categories?post=71736"},{"taxonomy":"post_tag","embeddable":true,"href":"https:\/\/www.todoeldia.com\/index.php\/wp-json\/wp\/v2\/tags?post=71736"}],"curies":[{"name":"wp","href":"https:\/\/api.w.org\/{rel}","templated":true}]}}