{"id":71740,"date":"2024-01-22T21:43:35","date_gmt":"2024-01-23T00:43:35","guid":{"rendered":"https:\/\/www.todoeldia.com\/?p=71740"},"modified":"2024-01-22T21:43:36","modified_gmt":"2024-01-23T00:43:36","slug":"detuvieron-a-uno-de-los-presuntos-asesinos-de-umma","status":"publish","type":"post","link":"https:\/\/www.todoeldia.com\/index.php\/2024\/01\/22\/detuvieron-a-uno-de-los-presuntos-asesinos-de-umma\/","title":{"rendered":"Detuvieron a uno de los presuntos asesinos de Umma"},"content":{"rendered":"\n<p>As\u00ed lo confirmaron fuentes policiales a Infobae. En total son cuatro los presuntos delincuentes que participaron del violento hecho registrado en Lomas de Zamora.<\/p>\n\n\n\n<p>En las primeras horas de la tarde de este lunes falleci\u00f3 Umma, la nena de 9 a\u00f1os e hija de un custodio de la ministra de Seguridad de la Naci\u00f3n que hab\u00eda sido baleada en la nuca durante un robo en Lomas de Zamora. Fue Patricia Bullrich quien confirm\u00f3 la muerte de la ni\u00f1a, quien estaba internada en el hospital Churruca. Alrededor de las 19, en tanto, fuentes del caso informaron que un sospechoso fue detenido. Tiene 22 a\u00f1os.<\/p>\n\n\n\n<figure class=\"wp-block-image size-full is-resized\"><img loading=\"lazy\" decoding=\"async\" width=\"855\" height=\"489\" src=\"https:\/\/www.todoeldia.com\/wp-content\/uploads\/2024\/01\/crimen-de-umma.jpg\" alt=\"\" class=\"wp-image-71742\" style=\"width:1068px;height:auto\" srcset=\"https:\/\/www.todoeldia.com\/wp-content\/uploads\/2024\/01\/crimen-de-umma.jpg 855w, https:\/\/www.todoeldia.com\/wp-content\/uploads\/2024\/01\/crimen-de-umma-300x172.jpg 300w, https:\/\/www.todoeldia.com\/wp-content\/uploads\/2024\/01\/crimen-de-umma-768x439.jpg 768w, https:\/\/www.todoeldia.com\/wp-content\/uploads\/2024\/01\/crimen-de-umma-696x398.jpg 696w, https:\/\/www.todoeldia.com\/wp-content\/uploads\/2024\/01\/crimen-de-umma-734x420.jpg 734w\" sizes=\"auto, (max-width: 855px) 100vw, 855px\" \/><\/figure>\n\n\n\n<p>El primer detenido por el crimen de Umma est\u00e1 alojado en la comisar\u00eda 7\u00aa de Lomas de Zamora. Hacia all\u00ed fue el fiscal del caso Pablo Rossi, de la UFI N\u00b018 de Lomas de Zamora, mientras se realizaban allanamientos para dar con el resto de la banda. \u201cEs un hecho tremendo\u201d, dijo el funcionario judicial esta noche.<\/p>\n\n\n\n<p>Luego, Rossi confirm\u00f3 a la prensa: \u201cHay un aprehendido. Hay evidencias suficientes inicialmente para entender que ha tenido participaci\u00f3n en el hecho\u201d. Y agreg\u00f3: \u201cNuestra prioridad es encontrar a los autores del hecho&#8230; Tenemos muchas filmaciones y la investigaci\u00f3n se basa en que hay cuatro personas que se distribuyeron las tareas, los cuatro han sido coautores\u201d.<\/p>\n\n\n\n<p>Lo cierto es que, tal como dijo el fiscal, las c\u00e1maras de seguridad han sido una de las claves del caso. Los videos de la cuadra de Villa Centenario donde ocurri\u00f3 el ataque permiti\u00f3 obtener las im\u00e1genes de los dos sospechosos que se bajaron del Toyota Corolla para asaltar al custodio de Bullrich y que, en ese contexto, balearon a la nena: uno lleva remera negra y bermudas de jean y el otro, camisola blanca y gorra.<\/p>\n","protected":false},"excerpt":{"rendered":"<p>As\u00ed lo confirmaron fuentes policiales a Infobae. En total son cuatro los presuntos delincuentes que participaron del violento hecho registrado en Lomas de Zamora. En las primeras horas de la tarde de este lunes falleci\u00f3 Umma, la nena de 9 a\u00f1os e hija de un custodio de la ministra de Seguridad de la Naci\u00f3n que [&hellip;]<\/p>\n","protected":false},"author":2,"featured_media":71741,"comment_status":"open","ping_status":"open","sticky":false,"template":"","format":"standard","meta":{"tdm_status":"","tdm_grid_status":"","_joinchat":[],"footnotes":""},"categories":[63],"tags":[],"class_list":{"0":"post-71740","1":"post","2":"type-post","3":"status-publish","4":"format-standard","5":"has-post-thumbnail","7":"category-policiales"},"amp_enabled":true,"_links":{"self":[{"href":"https:\/\/www.todoeldia.com\/index.php\/wp-json\/wp\/v2\/posts\/71740","targetHints":{"allow":["GET"]}}],"collection":[{"href":"https:\/\/www.todoeldia.com\/index.php\/wp-json\/wp\/v2\/posts"}],"about":[{"href":"https:\/\/www.todoeldia.com\/index.php\/wp-json\/wp\/v2\/types\/post"}],"author":[{"embeddable":true,"href":"https:\/\/www.todoeldia.com\/index.php\/wp-json\/wp\/v2\/users\/2"}],"replies":[{"embeddable":true,"href":"https:\/\/www.todoeldia.com\/index.php\/wp-json\/wp\/v2\/comments?post=71740"}],"version-history":[{"count":1,"href":"https:\/\/www.todoeldia.com\/index.php\/wp-json\/wp\/v2\/posts\/71740\/revisions"}],"predecessor-version":[{"id":71743,"href":"https:\/\/www.todoeldia.com\/index.php\/wp-json\/wp\/v2\/posts\/71740\/revisions\/71743"}],"wp:featuredmedia":[{"embeddable":true,"href":"https:\/\/www.todoeldia.com\/index.php\/wp-json\/wp\/v2\/media\/71741"}],"wp:attachment":[{"href":"https:\/\/www.todoeldia.com\/index.php\/wp-json\/wp\/v2\/media?parent=71740"}],"wp:term":[{"taxonomy":"category","embeddable":true,"href":"https:\/\/www.todoeldia.com\/index.php\/wp-json\/wp\/v2\/categories?post=71740"},{"taxonomy":"post_tag","embeddable":true,"href":"https:\/\/www.todoeldia.com\/index.php\/wp-json\/wp\/v2\/tags?post=71740"}],"curies":[{"name":"wp","href":"https:\/\/api.w.org\/{rel}","templated":true}]}}