{"id":71744,"date":"2024-01-22T22:12:21","date_gmt":"2024-01-23T01:12:21","guid":{"rendered":"https:\/\/www.todoeldia.com\/?p=71744"},"modified":"2024-01-22T22:12:22","modified_gmt":"2024-01-23T01:12:22","slug":"la-ocupacion-hotelera-no-supero-el-50-en-la-primera-quincena-de-enero-en-jujuy","status":"publish","type":"post","link":"https:\/\/www.todoeldia.com\/index.php\/2024\/01\/22\/la-ocupacion-hotelera-no-supero-el-50-en-la-primera-quincena-de-enero-en-jujuy\/","title":{"rendered":"La ocupaci\u00f3n hotelera no super\u00f3 el 50% en la primera quincena de enero en Jujuy"},"content":{"rendered":"\n<p>Desde la Asociaci\u00f3n de Hoteles de Turismo indicaron que hay pocas consultas y se proyectan meses complejos, por lo que buscan impulsar al sector.<\/p>\n\n\n\n<p>La crisis econ\u00f3mica repercute en el sector tur\u00edstico de Jujuy: durante la primera quincena de enero la ocupaci\u00f3n hotelera no super\u00f3 el 50% en promedio y proyectan en los valores ser\u00e1n similares para las pr\u00f3ximas semanas.<\/p>\n\n\n\n<p>Carolina Pedano, titular de la filial Jujuy de la Asociaci\u00f3n de Hoteles de Turismo (AHT), plante\u00f3 que &#8220;hay una baja importante en cuanto a la ocupaci\u00f3n en el sector tur\u00edstico&#8221;. En ese sentido indic\u00f3 que trabajan para generar promociones que impulsen el arribo de viajeros.<\/p>\n\n\n\n<p>\u201cEsta primera quincena hemos cerrado con alrededor del 40-50% de ocupaci\u00f3n y estimamos que la quincena que queda va a ser similar\u201d, precis\u00f3 en di\u00e1logo con Canal 7 de Jujuy sobre las cifras tur\u00edsticas del arranque del a\u00f1o en la provincia.<\/p>\n\n\n\n<p>Pedano adelant\u00f3 que \u201cpara los meses que vienen s\u00ed se ve una baja considerable\u201d. Es as\u00ed que \u201cpara febrero estamos manejando un 30-40% de ocupaci\u00f3n y para Carnaval, a diferencia de otros a\u00f1os, cuando en esta fecha ya no hab\u00eda lugar, hay lugar\u201d.<\/p>\n","protected":false},"excerpt":{"rendered":"<p>Desde la Asociaci\u00f3n de Hoteles de Turismo indicaron que hay pocas consultas y se proyectan meses complejos, por lo que buscan impulsar al sector. La crisis econ\u00f3mica repercute en el sector tur\u00edstico de Jujuy: durante la primera quincena de enero la ocupaci\u00f3n hotelera no super\u00f3 el 50% en promedio y proyectan en los valores ser\u00e1n [&hellip;]<\/p>\n","protected":false},"author":2,"featured_media":71745,"comment_status":"open","ping_status":"open","sticky":false,"template":"","format":"standard","meta":{"tdm_status":"","tdm_grid_status":"","_joinchat":[],"footnotes":""},"categories":[60],"tags":[],"class_list":{"0":"post-71744","1":"post","2":"type-post","3":"status-publish","4":"format-standard","5":"has-post-thumbnail","7":"category-economia"},"amp_enabled":true,"_links":{"self":[{"href":"https:\/\/www.todoeldia.com\/index.php\/wp-json\/wp\/v2\/posts\/71744","targetHints":{"allow":["GET"]}}],"collection":[{"href":"https:\/\/www.todoeldia.com\/index.php\/wp-json\/wp\/v2\/posts"}],"about":[{"href":"https:\/\/www.todoeldia.com\/index.php\/wp-json\/wp\/v2\/types\/post"}],"author":[{"embeddable":true,"href":"https:\/\/www.todoeldia.com\/index.php\/wp-json\/wp\/v2\/users\/2"}],"replies":[{"embeddable":true,"href":"https:\/\/www.todoeldia.com\/index.php\/wp-json\/wp\/v2\/comments?post=71744"}],"version-history":[{"count":1,"href":"https:\/\/www.todoeldia.com\/index.php\/wp-json\/wp\/v2\/posts\/71744\/revisions"}],"predecessor-version":[{"id":71746,"href":"https:\/\/www.todoeldia.com\/index.php\/wp-json\/wp\/v2\/posts\/71744\/revisions\/71746"}],"wp:featuredmedia":[{"embeddable":true,"href":"https:\/\/www.todoeldia.com\/index.php\/wp-json\/wp\/v2\/media\/71745"}],"wp:attachment":[{"href":"https:\/\/www.todoeldia.com\/index.php\/wp-json\/wp\/v2\/media?parent=71744"}],"wp:term":[{"taxonomy":"category","embeddable":true,"href":"https:\/\/www.todoeldia.com\/index.php\/wp-json\/wp\/v2\/categories?post=71744"},{"taxonomy":"post_tag","embeddable":true,"href":"https:\/\/www.todoeldia.com\/index.php\/wp-json\/wp\/v2\/tags?post=71744"}],"curies":[{"name":"wp","href":"https:\/\/api.w.org\/{rel}","templated":true}]}}