{"id":71753,"date":"2024-01-22T23:23:11","date_gmt":"2024-01-23T02:23:11","guid":{"rendered":"https:\/\/www.todoeldia.com\/?p=71753"},"modified":"2024-01-22T23:23:11","modified_gmt":"2024-01-23T02:23:11","slug":"mal-nacido-lesiono-a-un-perro-con-un-machete-en-cerrillos","status":"publish","type":"post","link":"https:\/\/www.todoeldia.com\/index.php\/2024\/01\/22\/mal-nacido-lesiono-a-un-perro-con-un-machete-en-cerrillos\/","title":{"rendered":"Mal nacido lesiono a un perro con un machete en Cerrillos"},"content":{"rendered":"\n<p>El acusado habr\u00eda agredido a la mascota de una vecina, luego de que mantuviera una gresca con su perro. Las lesiones cortantes se produjeron en el lomo del animal y fueron atendidas en una veterinaria de la zona.<\/p>\n\n\n\n<p>El fiscal penal Daniel Alejandro Escalante, interino en la Fiscal\u00eda Penal de Cerrillos en feria, imput\u00f3 de forma provisional a un hombre de 52 a\u00f1os como autor del delito de malos tratos a los animales previsto y reprimido por La Ley 14.346 Arts. 1\u00ba del C.P., en calidad de AUTOR (Art. 45 del C.P.).<\/p>\n\n\n\n<p>Durante la audiencia de imputaci\u00f3n, el acusado prest\u00f3 declaraci\u00f3n, dando su versi\u00f3n de lo sucedido.<\/p>\n\n\n\n<p>El hecho ocurri\u00f3 el pasado viernes por la tarde sobre ruta nacional 68 a la altura del kil\u00f3metro 175, a la altura de la zona rural de Cerrillos, donde una vecina denunci\u00f3 que un vecino agredi\u00f3 con un machete a su mascota en la zona del lomo, provoc\u00e1ndole lesiones y que habr\u00eda amenazado con \u201cmatar al perro\u201d.<\/p>\n\n\n\n<p>Tras las heridas sufridas, el perro fue trasladado a una veterinaria de la zona, donde se le practicaron las curaciones pertinentes.<\/p>\n","protected":false},"excerpt":{"rendered":"<p>El acusado habr\u00eda agredido a la mascota de una vecina, luego de que mantuviera una gresca con su perro. Las lesiones cortantes se produjeron en el lomo del animal y fueron atendidas en una veterinaria de la zona. El fiscal penal Daniel Alejandro Escalante, interino en la Fiscal\u00eda Penal de Cerrillos en feria, imput\u00f3 de [&hellip;]<\/p>\n","protected":false},"author":2,"featured_media":71754,"comment_status":"open","ping_status":"open","sticky":false,"template":"","format":"standard","meta":{"tdm_status":"","tdm_grid_status":"","_joinchat":[],"footnotes":""},"categories":[63],"tags":[],"class_list":{"0":"post-71753","1":"post","2":"type-post","3":"status-publish","4":"format-standard","5":"has-post-thumbnail","7":"category-policiales"},"amp_enabled":true,"_links":{"self":[{"href":"https:\/\/www.todoeldia.com\/index.php\/wp-json\/wp\/v2\/posts\/71753","targetHints":{"allow":["GET"]}}],"collection":[{"href":"https:\/\/www.todoeldia.com\/index.php\/wp-json\/wp\/v2\/posts"}],"about":[{"href":"https:\/\/www.todoeldia.com\/index.php\/wp-json\/wp\/v2\/types\/post"}],"author":[{"embeddable":true,"href":"https:\/\/www.todoeldia.com\/index.php\/wp-json\/wp\/v2\/users\/2"}],"replies":[{"embeddable":true,"href":"https:\/\/www.todoeldia.com\/index.php\/wp-json\/wp\/v2\/comments?post=71753"}],"version-history":[{"count":1,"href":"https:\/\/www.todoeldia.com\/index.php\/wp-json\/wp\/v2\/posts\/71753\/revisions"}],"predecessor-version":[{"id":71755,"href":"https:\/\/www.todoeldia.com\/index.php\/wp-json\/wp\/v2\/posts\/71753\/revisions\/71755"}],"wp:featuredmedia":[{"embeddable":true,"href":"https:\/\/www.todoeldia.com\/index.php\/wp-json\/wp\/v2\/media\/71754"}],"wp:attachment":[{"href":"https:\/\/www.todoeldia.com\/index.php\/wp-json\/wp\/v2\/media?parent=71753"}],"wp:term":[{"taxonomy":"category","embeddable":true,"href":"https:\/\/www.todoeldia.com\/index.php\/wp-json\/wp\/v2\/categories?post=71753"},{"taxonomy":"post_tag","embeddable":true,"href":"https:\/\/www.todoeldia.com\/index.php\/wp-json\/wp\/v2\/tags?post=71753"}],"curies":[{"name":"wp","href":"https:\/\/api.w.org\/{rel}","templated":true}]}}