{"id":71756,"date":"2024-01-22T23:39:26","date_gmt":"2024-01-23T02:39:26","guid":{"rendered":"https:\/\/www.todoeldia.com\/?p=71756"},"modified":"2024-01-22T23:41:04","modified_gmt":"2024-01-23T02:41:04","slug":"sadir-jalil-y-saenz-viajan-a-europa-en-busca-de-mayores-inversiones","status":"publish","type":"post","link":"https:\/\/www.todoeldia.com\/index.php\/2024\/01\/22\/sadir-jalil-y-saenz-viajan-a-europa-en-busca-de-mayores-inversiones\/","title":{"rendered":"Sadir, Jalil y S\u00e1enz viajan a Europa en busca de mayores inversiones"},"content":{"rendered":"\n<p>La pr\u00f3xima semana el gobernador de Jujuy, Carlos Sadir, junto a sus pares de Catamarca, Ra\u00fal Jalil, y de Salta, Gustavo S\u00e1enz, emprender\u00e1n una misi\u00f3n a Europa para mantener reuniones con potenciales inversores y representantes gubernamentales de distintos pa\u00edses en materia de litio y miner\u00eda.<\/p>\n\n\n\n<p>El viaje se da en el marco de una invitaci\u00f3n de la Uni\u00f3n Europea a los mandatarios de la regi\u00f3n del litio. La misi\u00f3n ser\u00e1 de importancia para las provincias en el marco de la b\u00fasqueda de inversiones para potenciar y desarrollar la industrializaci\u00f3n del litio y su cadena de valor.<\/p>\n\n\n\n<p>En diciembre pasado una comitiva de m\u00e1s de 30 funcionarios y empresarios del viejo continente, encabezados por el embajador de la Uni\u00f3n Europea, Amador S\u00e1nchez Rico, visitaron Catamarca para conocer las potencialidades de la provincia en materia de producci\u00f3n minera, turismo, agroindustria, entre otros sectores productivos.<\/p>\n\n\n\n<figure class=\"wp-block-image size-full is-resized\"><img loading=\"lazy\" decoding=\"async\" width=\"800\" height=\"420\" src=\"https:\/\/www.todoeldia.com\/wp-content\/uploads\/2024\/01\/image-123.png\" alt=\"\" class=\"wp-image-71758\" style=\"width:1035px;height:auto\" srcset=\"https:\/\/www.todoeldia.com\/wp-content\/uploads\/2024\/01\/image-123.png 800w, https:\/\/www.todoeldia.com\/wp-content\/uploads\/2024\/01\/image-123-300x158.png 300w, https:\/\/www.todoeldia.com\/wp-content\/uploads\/2024\/01\/image-123-768x403.png 768w, https:\/\/www.todoeldia.com\/wp-content\/uploads\/2024\/01\/image-123-696x365.png 696w\" sizes=\"auto, (max-width: 800px) 100vw, 800px\" \/><\/figure>\n\n\n\n<p>Cabe se\u00f1alar que Jalil fue uno de los primeros mandatarios provinciales de la Mesa del Litio en reunirse con el ministro de Interior, Guillermo Francos, en la Casa Rosada, para discutir sobre las inversiones en miner\u00eda y litio en las tres provincias.<\/p>\n\n\n\n<p>Francos anunci\u00f3 el encuentro en su cuenta de X (Twitter), y destac\u00f3 que las inversiones en Catamarca &#8220;superan los u$s 5.000 millones y se proyectan en u$s 10.000 millones&#8221;, al igual que en el resto de las distritos lit\u00edferos.<\/p>\n\n\n\n<p>&#8220;En esta l\u00ednea, coincidimos sobre el impacto positivo que tendr\u00e1n en la provincia las reformas al r\u00e9gimen de grandes inversiones contempladas en la Ley de Bases y Puntos de Partida para la Libertad de los Argentinos&#8221;, detall\u00f3.<\/p>\n\n\n\n<p>Por otro lado, discutieron sobre la reforma del impuesto a las Ganancias, y Jalil se\u00f1al\u00f3 que &#8220;implica una p\u00e9rdida del 7% de la coparticipaci\u00f3n que recibe la provincia&#8221;.<\/p>\n\n\n\n<p>Conviene citar adem\u00e1s, que la Mesa del Litio fue fundada por las tres provincias y apuntalada por el exgobernador Gerardo Morales, donde actuaron de manera mancomunada en defensa de sus recursos luego que el anterior gobierno nacional de Alberto Fern\u00e1ndez, Cristina Kirchner y Sergio Massa, intentaran con el apoyo de legisladores kirchneristas, avanzar sobre los recursos originarios de las provincias, para promover una especie de OPEP de litio, junto a los gobiernos socialistas de Chile y Bolivia.<\/p>\n\n\n\n<p>Con una visi\u00f3n hacia la transici\u00f3n energ\u00e9tica, Argentina avanza para convertirse en uno de los principales productores mundiales de litio. Y Jujuy en junio del 2023 marc\u00f3 un hito al poner en producci\u00f3n el tercer proyecto de litio, exportar y que la accionista de Exar, Lithium Argentina comience a operar en la Bolsa de Valores de Nueva York. Allkem sum\u00f3 al ampliar su producci\u00f3n.<\/p>\n\n\n\n<p>Olaroz Cauchari fue el proyecto argentino de litio que a trav\u00e9s de Exar invirti\u00f3 de 980 millones de d\u00f3lares en la ejecuci\u00f3n y al comenzar a producir lleg\u00f3 a 5.000 toneladas (tn) de carbonato y esperaba llegar a 40.000 tn para llevar a Jujuy a ser la primera productora a nivel nacional.<\/p>\n\n\n\n<p>Argentina es el cuarto productor mundial de carbonato de litio, en su territorio hay 38 proyectos registrados, y Jujuy se destaca por tener dos de los tres proyectos en operaci\u00f3n en 2023; Olaroz operado por Allkem tambi\u00e9n en Jujuy, y la m\u00e1s antigua Mina F\u00e9nix operado por Livent en Catamarca. En Jujuy hay otros proyectos exploratorios de litio.<\/p>\n","protected":false},"excerpt":{"rendered":"<p>La pr\u00f3xima semana el gobernador de Jujuy, Carlos Sadir, junto a sus pares de Catamarca, Ra\u00fal Jalil, y de Salta, Gustavo S\u00e1enz, emprender\u00e1n una misi\u00f3n a Europa para mantener reuniones con potenciales inversores y representantes gubernamentales de distintos pa\u00edses en materia de litio y miner\u00eda. El viaje se da en el marco de una invitaci\u00f3n [&hellip;]<\/p>\n","protected":false},"author":2,"featured_media":71757,"comment_status":"open","ping_status":"open","sticky":false,"template":"","format":"standard","meta":{"tdm_status":"","tdm_grid_status":"","_joinchat":[],"footnotes":""},"categories":[60],"tags":[],"class_list":{"0":"post-71756","1":"post","2":"type-post","3":"status-publish","4":"format-standard","5":"has-post-thumbnail","7":"category-economia"},"amp_enabled":true,"_links":{"self":[{"href":"https:\/\/www.todoeldia.com\/index.php\/wp-json\/wp\/v2\/posts\/71756","targetHints":{"allow":["GET"]}}],"collection":[{"href":"https:\/\/www.todoeldia.com\/index.php\/wp-json\/wp\/v2\/posts"}],"about":[{"href":"https:\/\/www.todoeldia.com\/index.php\/wp-json\/wp\/v2\/types\/post"}],"author":[{"embeddable":true,"href":"https:\/\/www.todoeldia.com\/index.php\/wp-json\/wp\/v2\/users\/2"}],"replies":[{"embeddable":true,"href":"https:\/\/www.todoeldia.com\/index.php\/wp-json\/wp\/v2\/comments?post=71756"}],"version-history":[{"count":1,"href":"https:\/\/www.todoeldia.com\/index.php\/wp-json\/wp\/v2\/posts\/71756\/revisions"}],"predecessor-version":[{"id":71759,"href":"https:\/\/www.todoeldia.com\/index.php\/wp-json\/wp\/v2\/posts\/71756\/revisions\/71759"}],"wp:featuredmedia":[{"embeddable":true,"href":"https:\/\/www.todoeldia.com\/index.php\/wp-json\/wp\/v2\/media\/71757"}],"wp:attachment":[{"href":"https:\/\/www.todoeldia.com\/index.php\/wp-json\/wp\/v2\/media?parent=71756"}],"wp:term":[{"taxonomy":"category","embeddable":true,"href":"https:\/\/www.todoeldia.com\/index.php\/wp-json\/wp\/v2\/categories?post=71756"},{"taxonomy":"post_tag","embeddable":true,"href":"https:\/\/www.todoeldia.com\/index.php\/wp-json\/wp\/v2\/tags?post=71756"}],"curies":[{"name":"wp","href":"https:\/\/api.w.org\/{rel}","templated":true}]}}